{"id":988,"date":"2015-11-30T13:21:03","date_gmt":"2015-11-30T18:21:03","guid":{"rendered":"http:\/\/equipelabrosse.com\/?p=988"},"modified":"2015-11-30T13:21:03","modified_gmt":"2015-11-30T18:21:03","slug":"de-combien-augmentera-votre-compte-de-taxes-selon-votre-arrondissement","status":"publish","type":"post","link":"https:\/\/equipelabrosse.com\/en\/ville-de-montreal\/de-combien-augmentera-votre-compte-de-taxes-selon-votre-arrondissement\/","title":{"rendered":"De combien augmentera votre compte de taxes selon votre arrondissement?"},"content":{"rendered":"<header id=\"page-header\"><\/header>\n<div id=\"main\">\n<div id=\"content\" class=\"clearfix\">\n<div id=\"primary-content\" class=\"\">\n<article class=\"primary-article\">\n<figure><a href=\"http:\/\/journalmetro.com\/actualites\/montreal\/880527\/de-combien-augmentera-votre-compte-de-taxes-selon-votre-arrondissement\/#\"><img decoding=\"async\" src=\"https:\/\/journalmetrocom.files.wordpress.com\/2012\/06\/22-actu-plateau.jpg?w=618&amp;h=408&amp;crop=1\" alt=\"\" \/><\/a><figcaption> <span class=\"photographer\">Archives M\u00e9tro<\/span> <\/figcaption><\/figure>\n<div id=\"mec_article_container\">\n<p>&#8220;Le compte de taxes des Montr\u00e9alais bondira en moyenne de 1,9% en 2016, selon le prochain budget de la Ville de Montr\u00e9al pr\u00e9sent\u00e9 mercredi.<\/p>\n<p>La moyenne des hausses des comptes de taxes variera d\u2019un arrondissement \u00e0 l\u2019autre, notamment en raison de la variation des valeurs des propri\u00e9t\u00e9s.<\/p>\n<p>Voici comment cela devrait se traduire, en moyenne, sur votre compte de taxes dans selon l\u2019arrondissement dans lequel vous vivez.<\/p>\n<p>Les montants entre parenth\u00e8ses repr\u00e9sentent la valeur moyenne de ces habitations par arrondissement en 2016 auxquels y est associ\u00e9 la variation de taxes qu\u2019elles recevront.<\/p>\n<p><strong>Ahuntsic-Cartierville<\/strong><\/p>\n<ul>\n<li>Unifamiliale moyenne (490 258$)\u00a0: +112$<\/li>\n<li>Condo moyen (249 295$)\u00a0: +29$<\/li>\n<li>Multiplex moyen (523 752$)\u00a0: +98$<\/li>\n<\/ul>\n<p><strong>Anjou<\/strong><\/p>\n<ul>\n<li>Unifamiliale moyenne (378 481$)\u00a0: +71$<\/li>\n<li>Condo moyen (246 288$)\u00a0: +44$<\/li>\n<li>Multiplex moyen (453 073$)\u00a0: +54$<\/li>\n<\/ul>\n<p><strong>C\u00f4te-des-Neiges-Notre-Dame-de-Gr\u00e2ce<\/strong><\/p>\n<ul>\n<li>Unifamiliale moyenne (627 975$)\u00a0: +156$<\/li>\n<li>Condo moyen (357 026$)\u00a0: +46$<\/li>\n<li>Multiplex moyen (571 527$)\u00a0: +110$<\/li>\n<\/ul>\n<p><strong>Lachine<\/strong><\/p>\n<ul>\n<li>Unifamiliale moyenne (364 287$)\u00a0: +96$<\/li>\n<li>Condo moyen (259 801$)\u00a0: +32$<\/li>\n<li>Multiplex moyen (393 736$)\u00a0: +63$<\/li>\n<\/ul>\n<p><strong>LaSalle<\/strong><\/p>\n<ul>\n<li>Unifamiliale moyenne (394 785$)\u00a0: -7$<\/li>\n<li>Condo moyen (263 876$)\u00a0: +1$<\/li>\n<li>Multiplex moyen (474 862$)\u00a0: +9$<\/li>\n<\/ul>\n<p><strong>L\u2019\u00cele-Bizard-Sainte-Genevi\u00e8ve<\/strong><\/p>\n<ul>\n<li>Unifamiliale moyenne (420 149$)\u00a0: +40$<\/li>\n<li>Condo moyen (218 813$)\u00a0: -6$<\/li>\n<li>Multiplex moyen (436 026$)\u00a0: +20$<\/li>\n<\/ul>\n<p><strong>Mercier-Hochelaga-Maisonneuve<\/strong><\/p>\n<ul>\n<li>Unifamiliale moyenne (332 122$)\u00a0: +31$<\/li>\n<li>Condo moyen (243 668$)\u00a0: +29$<\/li>\n<li>Multiplex moyen (432 473$)\u00a0: +33$<\/li>\n<\/ul>\n<p><strong>Montr\u00e9al-Nord<\/strong><\/p>\n<ul>\n<li>Unifamiliale moyenne (288 947$)\u00a0: +31$<\/li>\n<li>Condo moyen (237 930$)\u00a0: +26$<\/li>\n<li>Multiplex moyen (393 898$)\u00a0: +26$<\/li>\n<\/ul>\n<p><strong>Outremont<\/strong><\/p>\n<ul>\n<li>Unifamiliale moyenne (1 285 744$)\u00a0: +396$<\/li>\n<li>Condo moyen (489 698$)\u00a0: +116$<\/li>\n<li>Multiplex moyen (1 114 650$)\u00a0: +257$<\/li>\n<\/ul>\n<p><strong>Pierrefonds-Roxboro<\/strong><\/p>\n<ul>\n<li>Unifamiliale moyenne (347 985$)\u00a0: +34$<\/li>\n<li>Condo moyen (231 739$)\u00a0: -3$<\/li>\n<li>Multiplex moyen (460 996$)\u00a0: +7$<\/li>\n<\/ul>\n<p><strong>Plateau-Mont-Royal<\/strong><\/p>\n<ul>\n<li>Unifamiliale moyenne (602 404$)\u00a0: +209$<\/li>\n<li>Condo moyen (350 094$)\u00a0: +75$<\/li>\n<li>Multiplex moyen (687 627$)\u00a0: +242$<\/li>\n<\/ul>\n<p><strong>Rivi\u00e8re-des-Prairies-Pointe-aux-Trembles<\/strong><\/p>\n<ul>\n<li>Unifamiliale moyenne (310 193$)\u00a0: +16$<\/li>\n<li>Condo moyen (193 358$)\u00a0: +3$<\/li>\n<li>Multiplex moyen (413 110$)\u00a0: +16$<\/li>\n<\/ul>\n<p><strong>Rosemont-La Petite-Patrie<\/strong><\/p>\n<ul>\n<li>Unifamiliale moyenne (446 157$)\u00a0: +113$<\/li>\n<li>Condo moyen (307 297$)\u00a0: +46$<\/li>\n<li>Multiplex moyen (500 119$)\u00a0: +105$<\/li>\n<\/ul>\n<p><strong>Saint-Laurent<\/strong><\/p>\n<ul>\n<li>Unifamiliale moyenne (522 728$)\u00a0: +140$<\/li>\n<li>Condo moyen (299 122$)\u00a0: +46$<\/li>\n<li>Multiplex moyen (529 293$)\u00a0: +133$<\/li>\n<\/ul>\n<p><strong>Saint-L\u00e9onard<\/strong><\/p>\n<ul>\n<li>Unifamiliale moyenne (486 140$)\u00a0: +58$<\/li>\n<li>Condo moyen (274 942$)\u00a0: +30$<\/li>\n<li>Multiplex moyen (604 224$)\u00a0: +51$<\/li>\n<\/ul>\n<p><strong>Sud-Ouest<\/strong><\/p>\n<ul>\n<li>Unifamiliale moyenne (374 984$)\u00a0: +105$<\/li>\n<li>Condo moyen (298 222$)\u00a0: +39$<\/li>\n<li>Multiplex moyen (416 379$)\u00a0: +86$<\/li>\n<\/ul>\n<p><strong>Verdun<\/strong><\/p>\n<ul>\n<li>Unifamiliale moyenne (606 575$)\u00a0: +137$<\/li>\n<li>Condo moyen (379 611$)\u00a0: +36$<\/li>\n<li>Multiplex moyen (464 836$)\u00a0: +81$<\/li>\n<\/ul>\n<p><strong>Ville-Marie<\/strong><\/p>\n<ul>\n<li>Unifamiliale moyenne (777 382$)\u00a0: +144$<\/li>\n<li>Condo moyen (392 649$)\u00a0: +21$<\/li>\n<li>Multiplex moyen (502 123$)\u00a0: +94$<\/li>\n<\/ul>\n<p><strong>Villeray-Saint-Michel-Parc-Extension<\/strong><\/p>\n<ul>\n<li>Unifamiliale moyenne (328 959$)\u00a0: +84$<\/li>\n<li>Condo moyen (267 642$)\u00a0: +26$<\/li>\n<li>Multiplex moyen (444 703$)\u00a0: +80$<\/li>\n<\/ul>\n<p><strong>Ville de Montr\u00e9al<\/strong><\/p>\n<ul>\n<li>Unifamiliale moyenne (431 066$)\u00a0: +75$<\/li>\n<li>Condo moyen (308 789$)\u00a0: +36$<\/li>\n<li>Multiplex moyen (500 019$)\u00a0: +83$&#8221;<\/li>\n<\/ul>\n<\/div>\n<p>Retrouvez l&#8217;article original: <a href=\"http:\/\/journalmetro.com\/actualites\/montreal\/880527\/de-combien-augmentera-votre-compte-de-taxes-selon-votre-arrondissement\/\">http:\/\/journalmetro.com\/actualites\/montreal\/880527\/de-combien-augmentera-votre-compte-de-taxes-selon-votre-arrondissement\/<\/a><\/p>\n<\/article>\n<\/div>\n<\/div>\n<\/div>\n","protected":false},"excerpt":{"rendered":"<p>Archives M\u00e9tro &#8220;Le compte de taxes des Montr\u00e9alais bondira en moyenne de 1,9% en 2016, selon le prochain budget de la Ville de Montr\u00e9al pr\u00e9sent\u00e9 mercredi. La moyenne des hausses des comptes de taxes variera d\u2019un arrondissement \u00e0 l\u2019autre, notamment en raison de la variation des valeurs des propri\u00e9t\u00e9s. Voici comment cela devrait se traduire, [&hellip;]<\/p>\n","protected":false},"author":445,"featured_media":0,"comment_status":"open","ping_status":"open","sticky":false,"template":"","format":"standard","meta":{"_acf_changed":false,"footnotes":""},"categories":[200],"tags":[201,204,205,203,10,202,19,206],"class_list":["post-988","post","type-post","status-publish","format-standard","hentry","category-ville-de-montreal","tag-201","tag-compte-de-taxe-montreal-2016","tag-compte-de-taxes","tag-compte-de-taxes-2016","tag-hausse","tag-immobilier-2016","tag-taxes","tag-taxes-municipales-2016"],"acf":[],"yoast_head":"<!-- This site is optimized with the Yoast SEO plugin v26.7 - https:\/\/yoast.com\/wordpress\/plugins\/seo\/ -->\n<title>De combien augmentera votre compte de taxes selon votre arrondissement? - \u00c9quipe Labrosse<\/title>\n<meta name=\"robots\" content=\"index, follow, max-snippet:-1, max-image-preview:large, max-video-preview:-1\" \/>\n<link rel=\"canonical\" href=\"https:\/\/equipelabrosse.com\/ville-de-montreal\/de-combien-augmentera-votre-compte-de-taxes-selon-votre-arrondissement\/\" \/>\n<meta property=\"og:locale\" content=\"en_US\" \/>\n<meta property=\"og:type\" content=\"article\" \/>\n<meta property=\"og:title\" content=\"De combien augmentera votre compte de taxes selon votre arrondissement? - \u00c9quipe Labrosse\" \/>\n<meta property=\"og:description\" content=\"Archives M\u00e9tro &#8220;Le compte de taxes des Montr\u00e9alais bondira en moyenne de 1,9% en 2016, selon le prochain budget de la Ville de Montr\u00e9al pr\u00e9sent\u00e9 mercredi. La moyenne des hausses des comptes de taxes variera d\u2019un arrondissement \u00e0 l\u2019autre, notamment en raison de la variation des valeurs des propri\u00e9t\u00e9s. Voici comment cela devrait se traduire, [&hellip;]\" \/>\n<meta property=\"og:url\" content=\"https:\/\/equipelabrosse.com\/ville-de-montreal\/de-combien-augmentera-votre-compte-de-taxes-selon-votre-arrondissement\/\" \/>\n<meta property=\"og:site_name\" content=\"\u00c9quipe Labrosse\" \/>\n<meta property=\"article:publisher\" content=\"https:\/\/www.facebook.com\/equipelabrosse\" \/>\n<meta property=\"article:published_time\" content=\"2015-11-30T18:21:03+00:00\" \/>\n<meta property=\"og:image\" content=\"https:\/\/journalmetrocom.files.wordpress.com\/2012\/06\/22-actu-plateau.jpg?w=618&amp;h=408&amp;crop=1\" \/>\n<meta name=\"author\" content=\"Evelyne Labrosse\" \/>\n<meta name=\"twitter:card\" content=\"summary_large_image\" \/>\n<meta name=\"twitter:creator\" content=\"@EquipeLabrosse\" \/>\n<meta name=\"twitter:site\" content=\"@EquipeLabrosse\" \/>\n<meta name=\"twitter:label1\" content=\"Written by\" \/>\n\t<meta name=\"twitter:data1\" content=\"Evelyne Labrosse\" \/>\n\t<meta name=\"twitter:label2\" content=\"Est. reading time\" \/>\n\t<meta name=\"twitter:data2\" content=\"1 minute\" \/>\n<script type=\"application\/ld+json\" class=\"yoast-schema-graph\">{\"@context\":\"https:\/\/schema.org\",\"@graph\":[{\"@type\":\"Article\",\"@id\":\"https:\/\/equipelabrosse.com\/ville-de-montreal\/de-combien-augmentera-votre-compte-de-taxes-selon-votre-arrondissement\/#article\",\"isPartOf\":{\"@id\":\"https:\/\/equipelabrosse.com\/ville-de-montreal\/de-combien-augmentera-votre-compte-de-taxes-selon-votre-arrondissement\/\"},\"author\":{\"name\":\"Evelyne Labrosse\",\"@id\":\"https:\/\/equipelabrosse.com\/#\/schema\/person\/5285987da419f1bd357b37d99ba67f39\"},\"headline\":\"De combien augmentera votre compte de taxes selon votre arrondissement?\",\"datePublished\":\"2015-11-30T18:21:03+00:00\",\"mainEntityOfPage\":{\"@id\":\"https:\/\/equipelabrosse.com\/ville-de-montreal\/de-combien-augmentera-votre-compte-de-taxes-selon-votre-arrondissement\/\"},\"wordCount\":276,\"commentCount\":0,\"publisher\":{\"@id\":\"https:\/\/equipelabrosse.com\/#organization\"},\"image\":{\"@id\":\"https:\/\/equipelabrosse.com\/ville-de-montreal\/de-combien-augmentera-votre-compte-de-taxes-selon-votre-arrondissement\/#primaryimage\"},\"thumbnailUrl\":\"https:\/\/journalmetrocom.files.wordpress.com\/2012\/06\/22-actu-plateau.jpg?w=618&amp;h=408&amp;crop=1\",\"keywords\":[\"2016\",\"compte de taxe Montr\u00e9al 2016\",\"compte de taxes\",\"compte de taxes 2016\",\"hausse\",\"immobilier 2016\",\"taxes\",\"taxes municipales 2016\"],\"articleSection\":[\"ville de Montr\u00e9al\"],\"inLanguage\":\"en-US\",\"potentialAction\":[{\"@type\":\"CommentAction\",\"name\":\"Comment\",\"target\":[\"https:\/\/equipelabrosse.com\/ville-de-montreal\/de-combien-augmentera-votre-compte-de-taxes-selon-votre-arrondissement\/#respond\"]}]},{\"@type\":\"WebPage\",\"@id\":\"https:\/\/equipelabrosse.com\/ville-de-montreal\/de-combien-augmentera-votre-compte-de-taxes-selon-votre-arrondissement\/\",\"url\":\"https:\/\/equipelabrosse.com\/ville-de-montreal\/de-combien-augmentera-votre-compte-de-taxes-selon-votre-arrondissement\/\",\"name\":\"De combien augmentera votre compte de taxes selon votre arrondissement? - \u00c9quipe Labrosse\",\"isPartOf\":{\"@id\":\"https:\/\/equipelabrosse.com\/#website\"},\"primaryImageOfPage\":{\"@id\":\"https:\/\/equipelabrosse.com\/ville-de-montreal\/de-combien-augmentera-votre-compte-de-taxes-selon-votre-arrondissement\/#primaryimage\"},\"image\":{\"@id\":\"https:\/\/equipelabrosse.com\/ville-de-montreal\/de-combien-augmentera-votre-compte-de-taxes-selon-votre-arrondissement\/#primaryimage\"},\"thumbnailUrl\":\"https:\/\/journalmetrocom.files.wordpress.com\/2012\/06\/22-actu-plateau.jpg?w=618&amp;h=408&amp;crop=1\",\"datePublished\":\"2015-11-30T18:21:03+00:00\",\"breadcrumb\":{\"@id\":\"https:\/\/equipelabrosse.com\/ville-de-montreal\/de-combien-augmentera-votre-compte-de-taxes-selon-votre-arrondissement\/#breadcrumb\"},\"inLanguage\":\"en-US\",\"potentialAction\":[{\"@type\":\"ReadAction\",\"target\":[\"https:\/\/equipelabrosse.com\/ville-de-montreal\/de-combien-augmentera-votre-compte-de-taxes-selon-votre-arrondissement\/\"]}]},{\"@type\":\"ImageObject\",\"inLanguage\":\"en-US\",\"@id\":\"https:\/\/equipelabrosse.com\/ville-de-montreal\/de-combien-augmentera-votre-compte-de-taxes-selon-votre-arrondissement\/#primaryimage\",\"url\":\"https:\/\/journalmetrocom.files.wordpress.com\/2012\/06\/22-actu-plateau.jpg?w=618&amp;h=408&amp;crop=1\",\"contentUrl\":\"https:\/\/journalmetrocom.files.wordpress.com\/2012\/06\/22-actu-plateau.jpg?w=618&amp;h=408&amp;crop=1\"},{\"@type\":\"BreadcrumbList\",\"@id\":\"https:\/\/equipelabrosse.com\/ville-de-montreal\/de-combien-augmentera-votre-compte-de-taxes-selon-votre-arrondissement\/#breadcrumb\",\"itemListElement\":[{\"@type\":\"ListItem\",\"position\":1,\"name\":\"Accueil\",\"item\":\"https:\/\/equipelabrosse.com\/\"},{\"@type\":\"ListItem\",\"position\":2,\"name\":\"De combien augmentera votre compte de taxes selon votre arrondissement?\"}]},{\"@type\":\"WebSite\",\"@id\":\"https:\/\/equipelabrosse.com\/#website\",\"url\":\"https:\/\/equipelabrosse.com\/\",\"name\":\"\u00c9quipe Labrosse\",\"description\":\"Courtier Immobilier Montr\u00e9al, Plateau Mont-Royal, Rosemont, Villeray\",\"publisher\":{\"@id\":\"https:\/\/equipelabrosse.com\/#organization\"},\"potentialAction\":[{\"@type\":\"SearchAction\",\"target\":{\"@type\":\"EntryPoint\",\"urlTemplate\":\"https:\/\/equipelabrosse.com\/?s={search_term_string}\"},\"query-input\":{\"@type\":\"PropertyValueSpecification\",\"valueRequired\":true,\"valueName\":\"search_term_string\"}}],\"inLanguage\":\"en-US\"},{\"@type\":\"Organization\",\"@id\":\"https:\/\/equipelabrosse.com\/#organization\",\"name\":\"\u00c9quipe Labrosse Courtiers immobilier\",\"url\":\"https:\/\/equipelabrosse.com\/\",\"logo\":{\"@type\":\"ImageObject\",\"inLanguage\":\"en-US\",\"@id\":\"https:\/\/equipelabrosse.com\/#\/schema\/logo\/image\/\",\"url\":\"https:\/\/equipelabrosse.com\/files\/2022\/10\/EL-Equipe-Labrosse-Logo-Courtiers.png\",\"contentUrl\":\"https:\/\/equipelabrosse.com\/files\/2022\/10\/EL-Equipe-Labrosse-Logo-Courtiers.png\",\"width\":1055,\"height\":357,\"caption\":\"\u00c9quipe Labrosse Courtiers immobilier\"},\"image\":{\"@id\":\"https:\/\/equipelabrosse.com\/#\/schema\/logo\/image\/\"},\"sameAs\":[\"https:\/\/www.facebook.com\/equipelabrosse\",\"https:\/\/x.com\/EquipeLabrosse\",\"https:\/\/www.instagram.com\/equipelabrosse\/?hl=fr\",\"https:\/\/www.linkedin.com\/company\/72288987\/admin\/\"]},{\"@type\":\"Person\",\"@id\":\"https:\/\/equipelabrosse.com\/#\/schema\/person\/5285987da419f1bd357b37d99ba67f39\",\"name\":\"Evelyne Labrosse\",\"image\":{\"@type\":\"ImageObject\",\"inLanguage\":\"en-US\",\"@id\":\"https:\/\/equipelabrosse.com\/#\/schema\/person\/image\/\",\"url\":\"http:\/\/equipelabrosse.com\/files\/2014\/02\/100408_avatar-96x96.jpg\",\"contentUrl\":\"http:\/\/equipelabrosse.com\/files\/2014\/02\/100408_avatar-96x96.jpg\",\"caption\":\"Evelyne Labrosse\"},\"sameAs\":[\"http:\/\/equipelabrosse.com\"],\"url\":\"https:\/\/equipelabrosse.com\/en\/author\/100408\/\"}]}<\/script>\n<!-- \/ Yoast SEO plugin. -->","yoast_head_json":{"title":"De combien augmentera votre compte de taxes selon votre arrondissement? - \u00c9quipe Labrosse","robots":{"index":"index","follow":"follow","max-snippet":"max-snippet:-1","max-image-preview":"max-image-preview:large","max-video-preview":"max-video-preview:-1"},"canonical":"https:\/\/equipelabrosse.com\/ville-de-montreal\/de-combien-augmentera-votre-compte-de-taxes-selon-votre-arrondissement\/","og_locale":"en_US","og_type":"article","og_title":"De combien augmentera votre compte de taxes selon votre arrondissement? - \u00c9quipe Labrosse","og_description":"Archives M\u00e9tro &#8220;Le compte de taxes des Montr\u00e9alais bondira en moyenne de 1,9% en 2016, selon le prochain budget de la Ville de Montr\u00e9al pr\u00e9sent\u00e9 mercredi. La moyenne des hausses des comptes de taxes variera d\u2019un arrondissement \u00e0 l\u2019autre, notamment en raison de la variation des valeurs des propri\u00e9t\u00e9s. Voici comment cela devrait se traduire, [&hellip;]","og_url":"https:\/\/equipelabrosse.com\/ville-de-montreal\/de-combien-augmentera-votre-compte-de-taxes-selon-votre-arrondissement\/","og_site_name":"\u00c9quipe Labrosse","article_publisher":"https:\/\/www.facebook.com\/equipelabrosse","article_published_time":"2015-11-30T18:21:03+00:00","og_image":[{"url":"https:\/\/journalmetrocom.files.wordpress.com\/2012\/06\/22-actu-plateau.jpg?w=618&amp;h=408&amp;crop=1","type":"","width":"","height":""}],"author":"Evelyne Labrosse","twitter_card":"summary_large_image","twitter_creator":"@EquipeLabrosse","twitter_site":"@EquipeLabrosse","twitter_misc":{"Written by":"Evelyne Labrosse","Est. reading time":"1 minute"},"schema":{"@context":"https:\/\/schema.org","@graph":[{"@type":"Article","@id":"https:\/\/equipelabrosse.com\/ville-de-montreal\/de-combien-augmentera-votre-compte-de-taxes-selon-votre-arrondissement\/#article","isPartOf":{"@id":"https:\/\/equipelabrosse.com\/ville-de-montreal\/de-combien-augmentera-votre-compte-de-taxes-selon-votre-arrondissement\/"},"author":{"name":"Evelyne Labrosse","@id":"https:\/\/equipelabrosse.com\/#\/schema\/person\/5285987da419f1bd357b37d99ba67f39"},"headline":"De combien augmentera votre compte de taxes selon votre arrondissement?","datePublished":"2015-11-30T18:21:03+00:00","mainEntityOfPage":{"@id":"https:\/\/equipelabrosse.com\/ville-de-montreal\/de-combien-augmentera-votre-compte-de-taxes-selon-votre-arrondissement\/"},"wordCount":276,"commentCount":0,"publisher":{"@id":"https:\/\/equipelabrosse.com\/#organization"},"image":{"@id":"https:\/\/equipelabrosse.com\/ville-de-montreal\/de-combien-augmentera-votre-compte-de-taxes-selon-votre-arrondissement\/#primaryimage"},"thumbnailUrl":"https:\/\/journalmetrocom.files.wordpress.com\/2012\/06\/22-actu-plateau.jpg?w=618&amp;h=408&amp;crop=1","keywords":["2016","compte de taxe Montr\u00e9al 2016","compte de taxes","compte de taxes 2016","hausse","immobilier 2016","taxes","taxes municipales 2016"],"articleSection":["ville de Montr\u00e9al"],"inLanguage":"en-US","potentialAction":[{"@type":"CommentAction","name":"Comment","target":["https:\/\/equipelabrosse.com\/ville-de-montreal\/de-combien-augmentera-votre-compte-de-taxes-selon-votre-arrondissement\/#respond"]}]},{"@type":"WebPage","@id":"https:\/\/equipelabrosse.com\/ville-de-montreal\/de-combien-augmentera-votre-compte-de-taxes-selon-votre-arrondissement\/","url":"https:\/\/equipelabrosse.com\/ville-de-montreal\/de-combien-augmentera-votre-compte-de-taxes-selon-votre-arrondissement\/","name":"De combien augmentera votre compte de taxes selon votre arrondissement? - \u00c9quipe Labrosse","isPartOf":{"@id":"https:\/\/equipelabrosse.com\/#website"},"primaryImageOfPage":{"@id":"https:\/\/equipelabrosse.com\/ville-de-montreal\/de-combien-augmentera-votre-compte-de-taxes-selon-votre-arrondissement\/#primaryimage"},"image":{"@id":"https:\/\/equipelabrosse.com\/ville-de-montreal\/de-combien-augmentera-votre-compte-de-taxes-selon-votre-arrondissement\/#primaryimage"},"thumbnailUrl":"https:\/\/journalmetrocom.files.wordpress.com\/2012\/06\/22-actu-plateau.jpg?w=618&amp;h=408&amp;crop=1","datePublished":"2015-11-30T18:21:03+00:00","breadcrumb":{"@id":"https:\/\/equipelabrosse.com\/ville-de-montreal\/de-combien-augmentera-votre-compte-de-taxes-selon-votre-arrondissement\/#breadcrumb"},"inLanguage":"en-US","potentialAction":[{"@type":"ReadAction","target":["https:\/\/equipelabrosse.com\/ville-de-montreal\/de-combien-augmentera-votre-compte-de-taxes-selon-votre-arrondissement\/"]}]},{"@type":"ImageObject","inLanguage":"en-US","@id":"https:\/\/equipelabrosse.com\/ville-de-montreal\/de-combien-augmentera-votre-compte-de-taxes-selon-votre-arrondissement\/#primaryimage","url":"https:\/\/journalmetrocom.files.wordpress.com\/2012\/06\/22-actu-plateau.jpg?w=618&amp;h=408&amp;crop=1","contentUrl":"https:\/\/journalmetrocom.files.wordpress.com\/2012\/06\/22-actu-plateau.jpg?w=618&amp;h=408&amp;crop=1"},{"@type":"BreadcrumbList","@id":"https:\/\/equipelabrosse.com\/ville-de-montreal\/de-combien-augmentera-votre-compte-de-taxes-selon-votre-arrondissement\/#breadcrumb","itemListElement":[{"@type":"ListItem","position":1,"name":"Accueil","item":"https:\/\/equipelabrosse.com\/"},{"@type":"ListItem","position":2,"name":"De combien augmentera votre compte de taxes selon votre arrondissement?"}]},{"@type":"WebSite","@id":"https:\/\/equipelabrosse.com\/#website","url":"https:\/\/equipelabrosse.com\/","name":"\u00c9quipe Labrosse","description":"Courtier Immobilier Montr\u00e9al, Plateau Mont-Royal, Rosemont, Villeray","publisher":{"@id":"https:\/\/equipelabrosse.com\/#organization"},"potentialAction":[{"@type":"SearchAction","target":{"@type":"EntryPoint","urlTemplate":"https:\/\/equipelabrosse.com\/?s={search_term_string}"},"query-input":{"@type":"PropertyValueSpecification","valueRequired":true,"valueName":"search_term_string"}}],"inLanguage":"en-US"},{"@type":"Organization","@id":"https:\/\/equipelabrosse.com\/#organization","name":"\u00c9quipe Labrosse Courtiers immobilier","url":"https:\/\/equipelabrosse.com\/","logo":{"@type":"ImageObject","inLanguage":"en-US","@id":"https:\/\/equipelabrosse.com\/#\/schema\/logo\/image\/","url":"https:\/\/equipelabrosse.com\/files\/2022\/10\/EL-Equipe-Labrosse-Logo-Courtiers.png","contentUrl":"https:\/\/equipelabrosse.com\/files\/2022\/10\/EL-Equipe-Labrosse-Logo-Courtiers.png","width":1055,"height":357,"caption":"\u00c9quipe Labrosse Courtiers immobilier"},"image":{"@id":"https:\/\/equipelabrosse.com\/#\/schema\/logo\/image\/"},"sameAs":["https:\/\/www.facebook.com\/equipelabrosse","https:\/\/x.com\/EquipeLabrosse","https:\/\/www.instagram.com\/equipelabrosse\/?hl=fr","https:\/\/www.linkedin.com\/company\/72288987\/admin\/"]},{"@type":"Person","@id":"https:\/\/equipelabrosse.com\/#\/schema\/person\/5285987da419f1bd357b37d99ba67f39","name":"Evelyne Labrosse","image":{"@type":"ImageObject","inLanguage":"en-US","@id":"https:\/\/equipelabrosse.com\/#\/schema\/person\/image\/","url":"http:\/\/equipelabrosse.com\/files\/2014\/02\/100408_avatar-96x96.jpg","contentUrl":"http:\/\/equipelabrosse.com\/files\/2014\/02\/100408_avatar-96x96.jpg","caption":"Evelyne Labrosse"},"sameAs":["http:\/\/equipelabrosse.com"],"url":"https:\/\/equipelabrosse.com\/en\/author\/100408\/"}]}},"_links":{"self":[{"href":"https:\/\/equipelabrosse.com\/en\/wp-json\/wp\/v2\/posts\/988","targetHints":{"allow":["GET"]}}],"collection":[{"href":"https:\/\/equipelabrosse.com\/en\/wp-json\/wp\/v2\/posts"}],"about":[{"href":"https:\/\/equipelabrosse.com\/en\/wp-json\/wp\/v2\/types\/post"}],"author":[{"embeddable":true,"href":"https:\/\/equipelabrosse.com\/en\/wp-json\/wp\/v2\/users\/445"}],"replies":[{"embeddable":true,"href":"https:\/\/equipelabrosse.com\/en\/wp-json\/wp\/v2\/comments?post=988"}],"version-history":[{"count":0,"href":"https:\/\/equipelabrosse.com\/en\/wp-json\/wp\/v2\/posts\/988\/revisions"}],"wp:attachment":[{"href":"https:\/\/equipelabrosse.com\/en\/wp-json\/wp\/v2\/media?parent=988"}],"wp:term":[{"taxonomy":"category","embeddable":true,"href":"https:\/\/equipelabrosse.com\/en\/wp-json\/wp\/v2\/categories?post=988"},{"taxonomy":"post_tag","embeddable":true,"href":"https:\/\/equipelabrosse.com\/en\/wp-json\/wp\/v2\/tags?post=988"}],"curies":[{"name":"wp","href":"https:\/\/api.w.org\/{rel}","templated":true}]}}