{"id":966,"date":"2015-10-21T15:27:46","date_gmt":"2015-10-21T19:27:46","guid":{"rendered":"http:\/\/equipelabrosse.com\/?p=966"},"modified":"2016-03-08T16:23:14","modified_gmt":"2016-03-08T21:23:14","slug":"chronique-immobiliere-14","status":"publish","type":"post","link":"https:\/\/equipelabrosse.com\/en\/non-classe\/chronique-immobiliere-14\/","title":{"rendered":"Chronique immobili\u00e8re #15"},"content":{"rendered":"<p>&#8220;Cette semaine, on fait le point sur l\u2019impact du r\u00e9sultat des \u00e9lections sur le march\u00e9 de l\u2019immobilier et on vous parle de notre \u00e9v\u00e9nement annuel de l\u2019halloween.<\/p>\n<p>Quels sont les enjeux du nouveau gouvernement lib\u00e9ral majoritaire pour le march\u00e9 de l\u2019immobilier\u00a0?<\/p>\n<p>La fin de la p\u00e9riode \u00e9lectorale annonce le retour \u00e0 un \u00e9tat de stabilit\u00e9. Cette phase de campagne n\u2019est pas consid\u00e9r\u00e9e comme le meilleur moment pour pr\u00e9c\u00e9der \u00e0 un achat important. Souvent, les acheteurs sont entour\u00e9s d\u2019incertitudes et sont h\u00e9sitant \u00e0 faire l\u2019acquisition d\u2019une propri\u00e9t\u00e9. D\u2019ailleurs, d\u00e8s l\u2019annonce des \u00e9lections, leur confiance baisse, comme le signale l\u2019<a href=\"http:\/\/www.fciq.ca\/Nouvelles_economiques\/ICC_Confiance_Conso_FR.html\" target=\"_blank\">indice de confiance des consommateurs<\/a> qui a diminu\u00e9 de deux points en ao\u00fbt et de huit points en septembre. Les \u00e9lections maintenant derri\u00e8re nous, les conditions sont propices \u00e0 un achat en toute tranquillit\u00e9. De plus, le parti Lib\u00e9ral n\u2019ayant pas fait de promesses particuli\u00e8res concernant l\u2019accession \u00e0 la propri\u00e9t\u00e9, il n\u2019y a pas d\u2019impacts majeurs \u00e0 pr\u00e9voir \u00e0 court terme, mais plut\u00f4t un retour \u00e0 un \u00e9quilibre du march\u00e9 de l\u2019immobilier.<\/p>\n<p>La f\u00eate des citrouilles dans les locaux de <a href=\"https:\/\/www.facebook.com\/ViaCapitaleMontRoyal?ref=hl\" target=\"_blank\">Via Capitale du Mont-Royal<\/a><\/p>\n<p>Pour une 19\u00e8me ann\u00e9e cons\u00e9cutive, la traditionnelle <a href=\"https:\/\/www.facebook.com\/events\/531176413706597\/\" target=\"_blank\">f\u00eate des citrouilles<\/a> invite les enfants \u00e0 venir \u00e0 l\u2019agence avec leurs dessins de maisons et \u00e0 recevoir en \u00e9change une citrouille\u00a0!<br \/>\nCette c\u00e9l\u00e9bration se veut aussi une f\u00eate de quartier et une f\u00eate familiale o\u00f9 petits et grands passeront du bon temps.<\/p>\n<p>Les festivit\u00e9s se d\u00e9rouleront le samedi 24 octobre \u00e0 partir de 10h aux deux adresses de l\u2019agence <a href=\"http:\/\/www.viacapitaledumontroyal.com\/nous-contacter\/\" target=\"_blank\">Via Capitale du Mont-Royal<\/a>, l\u2019une est situ\u00e9e au 1152, avenue du Mont-Royal Est et la plus r\u00e9cente est localis\u00e9e au 2395, rue Beaubien Est, en face du <a href=\"https:\/\/www.facebook.com\/CinemaBeaubien?fref=ts\" target=\"_blank\">cin\u00e9ma Beaubien<\/a>.<\/p>\n<p>Sur place, un choix parmi 1000 citrouilles et une ferme de reptiles avec serpents et araign\u00e9es que les enfants pourront toucher et se familiariser avec ces bestioles qu\u2019ils n\u2019ont pas l\u2019habitude de voir. Les animaux seront pr\u00e9sents entre 10h et 14h, mais les citrouilles et dessins sont en vigueur jusqu\u2019\u00e0 \u00e9puisement des provisions\u00a0!<\/p>\n<p>Tous les renseignements sont sur la <a href=\"https:\/\/www.facebook.com\/events\/531176413706597\/\" target=\"_blank\">page facebook de l\u2019\u00e9v\u00e9nement<\/a>, on vous donne rendez-vous samedi 24 pour s\u2019amuser ensemble\u00a0!&#8221;<\/p>\n<p>Retrouvez la chronique compl\u00e8te \u00e0 l&#8217;adresse suivante : <a href=\"http:\/\/www.viacapitaledumontroyal.com\/fete-des-citrouilles-et-bilan-sur-le-marche-de-limmobilier-post-elections\/\">http:\/\/www.viacapitaledumontroyal.com\/fete-des-citrouilles-et-bilan-sur-le-marche-de-limmobilier-post-elections\/<\/a><\/p>\n","protected":false},"excerpt":{"rendered":"<p>&#8220;Cette semaine, on fait le point sur l\u2019impact du r\u00e9sultat des \u00e9lections sur le march\u00e9 de l\u2019immobilier et on vous parle de notre \u00e9v\u00e9nement annuel de l\u2019halloween. Quels sont les enjeux du nouveau gouvernement lib\u00e9ral majoritaire pour le march\u00e9 de l\u2019immobilier\u00a0? La fin de la p\u00e9riode \u00e9lectorale annonce le retour \u00e0 un \u00e9tat de stabilit\u00e9. [&hellip;]<\/p>\n","protected":false},"author":445,"featured_media":1069,"comment_status":"open","ping_status":"open","sticky":false,"template":"","format":"standard","meta":{"_acf_changed":false,"footnotes":""},"categories":[1],"tags":[5,135,130,29,34,132,137,136,140,131,49,139,141,82,47,32,138,134,133],"class_list":["post-966","post","type-post","status-publish","format-standard","hentry","category-non-classe","tag-5","tag-24-octobre-2015","tag-chronique","tag-chronique-immobiliere","tag-cibl","tag-citrouilles","tag-elections-federales","tag-evenement","tag-gouvernement-liberal","tag-halloween","tag-immobilier","tag-indice-de-confiance","tag-les-oranges-pressees","tag-marche-immobilier","tag-montreal","tag-nathalie-clement","tag-octobre","tag-plateau","tag-via-capitale"],"acf":[],"yoast_head":"<!-- This site is optimized with the Yoast SEO plugin v26.7 - https:\/\/yoast.com\/wordpress\/plugins\/seo\/ -->\n<title>Chronique immobili\u00e8re #15 - \u00c9quipe Labrosse<\/title>\n<meta name=\"robots\" content=\"index, follow, max-snippet:-1, max-image-preview:large, max-video-preview:-1\" \/>\n<link rel=\"canonical\" href=\"https:\/\/equipelabrosse.com\/non-classe\/chronique-immobiliere-14\/\" \/>\n<meta property=\"og:locale\" content=\"en_US\" \/>\n<meta property=\"og:type\" content=\"article\" \/>\n<meta property=\"og:title\" content=\"Chronique immobili\u00e8re #15 - \u00c9quipe Labrosse\" \/>\n<meta property=\"og:description\" content=\"&#8220;Cette semaine, on fait le point sur l\u2019impact du r\u00e9sultat des \u00e9lections sur le march\u00e9 de l\u2019immobilier et on vous parle de notre \u00e9v\u00e9nement annuel de l\u2019halloween. Quels sont les enjeux du nouveau gouvernement lib\u00e9ral majoritaire pour le march\u00e9 de l\u2019immobilier\u00a0? La fin de la p\u00e9riode \u00e9lectorale annonce le retour \u00e0 un \u00e9tat de stabilit\u00e9. [&hellip;]\" \/>\n<meta property=\"og:url\" content=\"https:\/\/equipelabrosse.com\/non-classe\/chronique-immobiliere-14\/\" \/>\n<meta property=\"og:site_name\" content=\"\u00c9quipe Labrosse\" \/>\n<meta property=\"article:publisher\" content=\"https:\/\/www.facebook.com\/equipelabrosse\" \/>\n<meta property=\"article:published_time\" content=\"2015-10-21T19:27:46+00:00\" \/>\n<meta property=\"article:modified_time\" content=\"2016-03-08T21:23:14+00:00\" \/>\n<meta property=\"og:image\" content=\"https:\/\/equipelabrosse.com\/files\/2022\/03\/BanniereEquipeLabrosse.png\" \/><meta property=\"og:image\" content=\"https:\/\/equipelabrosse.com\/files\/2016\/03\/CHRONIQUE-10.png\" \/>\n\t<meta property=\"og:image:width\" content=\"940\" \/>\n\t<meta property=\"og:image:height\" content=\"788\" \/>\n\t<meta property=\"og:image:type\" content=\"image\/png\" \/>\n<meta name=\"author\" content=\"Evelyne Labrosse\" \/>\n<meta name=\"twitter:card\" content=\"summary_large_image\" \/>\n<meta name=\"twitter:image\" content=\"https:\/\/equipelabrosse.com\/files\/2022\/03\/BanniereEquipeLabrosse.png\" \/>\n<meta name=\"twitter:creator\" content=\"@EquipeLabrosse\" \/>\n<meta name=\"twitter:site\" content=\"@EquipeLabrosse\" \/>\n<meta name=\"twitter:label1\" content=\"Written by\" \/>\n\t<meta name=\"twitter:data1\" content=\"Evelyne Labrosse\" \/>\n\t<meta name=\"twitter:label2\" content=\"Est. reading time\" \/>\n\t<meta name=\"twitter:data2\" content=\"2 minutes\" \/>\n<script type=\"application\/ld+json\" class=\"yoast-schema-graph\">{\"@context\":\"https:\/\/schema.org\",\"@graph\":[{\"@type\":\"Article\",\"@id\":\"https:\/\/equipelabrosse.com\/non-classe\/chronique-immobiliere-14\/#article\",\"isPartOf\":{\"@id\":\"https:\/\/equipelabrosse.com\/non-classe\/chronique-immobiliere-14\/\"},\"author\":{\"name\":\"Evelyne Labrosse\",\"@id\":\"https:\/\/equipelabrosse.com\/#\/schema\/person\/5285987da419f1bd357b37d99ba67f39\"},\"headline\":\"Chronique immobili\u00e8re #15\",\"datePublished\":\"2015-10-21T19:27:46+00:00\",\"dateModified\":\"2016-03-08T21:23:14+00:00\",\"mainEntityOfPage\":{\"@id\":\"https:\/\/equipelabrosse.com\/non-classe\/chronique-immobiliere-14\/\"},\"wordCount\":408,\"commentCount\":0,\"publisher\":{\"@id\":\"https:\/\/equipelabrosse.com\/#organization\"},\"image\":{\"@id\":\"https:\/\/equipelabrosse.com\/non-classe\/chronique-immobiliere-14\/#primaryimage\"},\"thumbnailUrl\":\"https:\/\/equipelabrosse.com\/files\/2016\/03\/CHRONIQUE-10.png\",\"keywords\":[\"2015\",\"24 octobre 2015\",\"chronique\",\"chronique immobili\u00e8re\",\"CIBL\",\"Citrouilles\",\"\u00e9lections f\u00e9d\u00e9rales\",\"\u00e9v\u00e9nement\",\"gouvernement lib\u00e9ral\",\"Halloween\",\"immobilier\",\"indice de confiance\",\"Les oranges pr\u00e9ss\u00e9es\",\"march\u00e9 immobilier\",\"montr\u00e9al\",\"nathalie clement\",\"octobre\",\"Plateau\",\"Via Capitale\"],\"articleSection\":[\"Non class\u00e9\"],\"inLanguage\":\"en-US\",\"potentialAction\":[{\"@type\":\"CommentAction\",\"name\":\"Comment\",\"target\":[\"https:\/\/equipelabrosse.com\/non-classe\/chronique-immobiliere-14\/#respond\"]}]},{\"@type\":\"WebPage\",\"@id\":\"https:\/\/equipelabrosse.com\/non-classe\/chronique-immobiliere-14\/\",\"url\":\"https:\/\/equipelabrosse.com\/non-classe\/chronique-immobiliere-14\/\",\"name\":\"Chronique immobili\u00e8re #15 - \u00c9quipe Labrosse\",\"isPartOf\":{\"@id\":\"https:\/\/equipelabrosse.com\/#website\"},\"primaryImageOfPage\":{\"@id\":\"https:\/\/equipelabrosse.com\/non-classe\/chronique-immobiliere-14\/#primaryimage\"},\"image\":{\"@id\":\"https:\/\/equipelabrosse.com\/non-classe\/chronique-immobiliere-14\/#primaryimage\"},\"thumbnailUrl\":\"https:\/\/equipelabrosse.com\/files\/2016\/03\/CHRONIQUE-10.png\",\"datePublished\":\"2015-10-21T19:27:46+00:00\",\"dateModified\":\"2016-03-08T21:23:14+00:00\",\"breadcrumb\":{\"@id\":\"https:\/\/equipelabrosse.com\/non-classe\/chronique-immobiliere-14\/#breadcrumb\"},\"inLanguage\":\"en-US\",\"potentialAction\":[{\"@type\":\"ReadAction\",\"target\":[\"https:\/\/equipelabrosse.com\/non-classe\/chronique-immobiliere-14\/\"]}]},{\"@type\":\"ImageObject\",\"inLanguage\":\"en-US\",\"@id\":\"https:\/\/equipelabrosse.com\/non-classe\/chronique-immobiliere-14\/#primaryimage\",\"url\":\"https:\/\/equipelabrosse.com\/files\/2016\/03\/CHRONIQUE-10.png\",\"contentUrl\":\"https:\/\/equipelabrosse.com\/files\/2016\/03\/CHRONIQUE-10.png\",\"width\":940,\"height\":788,\"caption\":\"Chronique immobili\u00e8re\"},{\"@type\":\"BreadcrumbList\",\"@id\":\"https:\/\/equipelabrosse.com\/non-classe\/chronique-immobiliere-14\/#breadcrumb\",\"itemListElement\":[{\"@type\":\"ListItem\",\"position\":1,\"name\":\"Accueil\",\"item\":\"https:\/\/equipelabrosse.com\/\"},{\"@type\":\"ListItem\",\"position\":2,\"name\":\"Chronique immobili\u00e8re #15\"}]},{\"@type\":\"WebSite\",\"@id\":\"https:\/\/equipelabrosse.com\/#website\",\"url\":\"https:\/\/equipelabrosse.com\/\",\"name\":\"\u00c9quipe Labrosse\",\"description\":\"Courtier Immobilier Montr\u00e9al, Plateau Mont-Royal, Rosemont, Villeray\",\"publisher\":{\"@id\":\"https:\/\/equipelabrosse.com\/#organization\"},\"potentialAction\":[{\"@type\":\"SearchAction\",\"target\":{\"@type\":\"EntryPoint\",\"urlTemplate\":\"https:\/\/equipelabrosse.com\/?s={search_term_string}\"},\"query-input\":{\"@type\":\"PropertyValueSpecification\",\"valueRequired\":true,\"valueName\":\"search_term_string\"}}],\"inLanguage\":\"en-US\"},{\"@type\":\"Organization\",\"@id\":\"https:\/\/equipelabrosse.com\/#organization\",\"name\":\"\u00c9quipe Labrosse Courtiers immobilier\",\"url\":\"https:\/\/equipelabrosse.com\/\",\"logo\":{\"@type\":\"ImageObject\",\"inLanguage\":\"en-US\",\"@id\":\"https:\/\/equipelabrosse.com\/#\/schema\/logo\/image\/\",\"url\":\"https:\/\/equipelabrosse.com\/files\/2022\/10\/EL-Equipe-Labrosse-Logo-Courtiers.png\",\"contentUrl\":\"https:\/\/equipelabrosse.com\/files\/2022\/10\/EL-Equipe-Labrosse-Logo-Courtiers.png\",\"width\":1055,\"height\":357,\"caption\":\"\u00c9quipe Labrosse Courtiers immobilier\"},\"image\":{\"@id\":\"https:\/\/equipelabrosse.com\/#\/schema\/logo\/image\/\"},\"sameAs\":[\"https:\/\/www.facebook.com\/equipelabrosse\",\"https:\/\/x.com\/EquipeLabrosse\",\"https:\/\/www.instagram.com\/equipelabrosse\/?hl=fr\",\"https:\/\/www.linkedin.com\/company\/72288987\/admin\/\"]},{\"@type\":\"Person\",\"@id\":\"https:\/\/equipelabrosse.com\/#\/schema\/person\/5285987da419f1bd357b37d99ba67f39\",\"name\":\"Evelyne Labrosse\",\"image\":{\"@type\":\"ImageObject\",\"inLanguage\":\"en-US\",\"@id\":\"https:\/\/equipelabrosse.com\/#\/schema\/person\/image\/\",\"url\":\"http:\/\/equipelabrosse.com\/files\/2014\/02\/100408_avatar-96x96.jpg\",\"contentUrl\":\"http:\/\/equipelabrosse.com\/files\/2014\/02\/100408_avatar-96x96.jpg\",\"caption\":\"Evelyne Labrosse\"},\"sameAs\":[\"http:\/\/equipelabrosse.com\"],\"url\":\"https:\/\/equipelabrosse.com\/en\/author\/100408\/\"}]}<\/script>\n<!-- \/ Yoast SEO plugin. -->","yoast_head_json":{"title":"Chronique immobili\u00e8re #15 - \u00c9quipe Labrosse","robots":{"index":"index","follow":"follow","max-snippet":"max-snippet:-1","max-image-preview":"max-image-preview:large","max-video-preview":"max-video-preview:-1"},"canonical":"https:\/\/equipelabrosse.com\/non-classe\/chronique-immobiliere-14\/","og_locale":"en_US","og_type":"article","og_title":"Chronique immobili\u00e8re #15 - \u00c9quipe Labrosse","og_description":"&#8220;Cette semaine, on fait le point sur l\u2019impact du r\u00e9sultat des \u00e9lections sur le march\u00e9 de l\u2019immobilier et on vous parle de notre \u00e9v\u00e9nement annuel de l\u2019halloween. Quels sont les enjeux du nouveau gouvernement lib\u00e9ral majoritaire pour le march\u00e9 de l\u2019immobilier\u00a0? La fin de la p\u00e9riode \u00e9lectorale annonce le retour \u00e0 un \u00e9tat de stabilit\u00e9. [&hellip;]","og_url":"https:\/\/equipelabrosse.com\/non-classe\/chronique-immobiliere-14\/","og_site_name":"\u00c9quipe Labrosse","article_publisher":"https:\/\/www.facebook.com\/equipelabrosse","article_published_time":"2015-10-21T19:27:46+00:00","article_modified_time":"2016-03-08T21:23:14+00:00","og_image":[{"url":"https:\/\/equipelabrosse.com\/files\/2022\/03\/BanniereEquipeLabrosse.png","type":"","width":"","height":""},{"width":940,"height":788,"url":"https:\/\/equipelabrosse.com\/files\/2016\/03\/CHRONIQUE-10.png","type":"image\/png"}],"author":"Evelyne Labrosse","twitter_card":"summary_large_image","twitter_image":"https:\/\/equipelabrosse.com\/files\/2022\/03\/BanniereEquipeLabrosse.png","twitter_creator":"@EquipeLabrosse","twitter_site":"@EquipeLabrosse","twitter_misc":{"Written by":"Evelyne Labrosse","Est. reading time":"2 minutes"},"schema":{"@context":"https:\/\/schema.org","@graph":[{"@type":"Article","@id":"https:\/\/equipelabrosse.com\/non-classe\/chronique-immobiliere-14\/#article","isPartOf":{"@id":"https:\/\/equipelabrosse.com\/non-classe\/chronique-immobiliere-14\/"},"author":{"name":"Evelyne Labrosse","@id":"https:\/\/equipelabrosse.com\/#\/schema\/person\/5285987da419f1bd357b37d99ba67f39"},"headline":"Chronique immobili\u00e8re #15","datePublished":"2015-10-21T19:27:46+00:00","dateModified":"2016-03-08T21:23:14+00:00","mainEntityOfPage":{"@id":"https:\/\/equipelabrosse.com\/non-classe\/chronique-immobiliere-14\/"},"wordCount":408,"commentCount":0,"publisher":{"@id":"https:\/\/equipelabrosse.com\/#organization"},"image":{"@id":"https:\/\/equipelabrosse.com\/non-classe\/chronique-immobiliere-14\/#primaryimage"},"thumbnailUrl":"https:\/\/equipelabrosse.com\/files\/2016\/03\/CHRONIQUE-10.png","keywords":["2015","24 octobre 2015","chronique","chronique immobili\u00e8re","CIBL","Citrouilles","\u00e9lections f\u00e9d\u00e9rales","\u00e9v\u00e9nement","gouvernement lib\u00e9ral","Halloween","immobilier","indice de confiance","Les oranges pr\u00e9ss\u00e9es","march\u00e9 immobilier","montr\u00e9al","nathalie clement","octobre","Plateau","Via Capitale"],"articleSection":["Non class\u00e9"],"inLanguage":"en-US","potentialAction":[{"@type":"CommentAction","name":"Comment","target":["https:\/\/equipelabrosse.com\/non-classe\/chronique-immobiliere-14\/#respond"]}]},{"@type":"WebPage","@id":"https:\/\/equipelabrosse.com\/non-classe\/chronique-immobiliere-14\/","url":"https:\/\/equipelabrosse.com\/non-classe\/chronique-immobiliere-14\/","name":"Chronique immobili\u00e8re #15 - \u00c9quipe Labrosse","isPartOf":{"@id":"https:\/\/equipelabrosse.com\/#website"},"primaryImageOfPage":{"@id":"https:\/\/equipelabrosse.com\/non-classe\/chronique-immobiliere-14\/#primaryimage"},"image":{"@id":"https:\/\/equipelabrosse.com\/non-classe\/chronique-immobiliere-14\/#primaryimage"},"thumbnailUrl":"https:\/\/equipelabrosse.com\/files\/2016\/03\/CHRONIQUE-10.png","datePublished":"2015-10-21T19:27:46+00:00","dateModified":"2016-03-08T21:23:14+00:00","breadcrumb":{"@id":"https:\/\/equipelabrosse.com\/non-classe\/chronique-immobiliere-14\/#breadcrumb"},"inLanguage":"en-US","potentialAction":[{"@type":"ReadAction","target":["https:\/\/equipelabrosse.com\/non-classe\/chronique-immobiliere-14\/"]}]},{"@type":"ImageObject","inLanguage":"en-US","@id":"https:\/\/equipelabrosse.com\/non-classe\/chronique-immobiliere-14\/#primaryimage","url":"https:\/\/equipelabrosse.com\/files\/2016\/03\/CHRONIQUE-10.png","contentUrl":"https:\/\/equipelabrosse.com\/files\/2016\/03\/CHRONIQUE-10.png","width":940,"height":788,"caption":"Chronique immobili\u00e8re"},{"@type":"BreadcrumbList","@id":"https:\/\/equipelabrosse.com\/non-classe\/chronique-immobiliere-14\/#breadcrumb","itemListElement":[{"@type":"ListItem","position":1,"name":"Accueil","item":"https:\/\/equipelabrosse.com\/"},{"@type":"ListItem","position":2,"name":"Chronique immobili\u00e8re #15"}]},{"@type":"WebSite","@id":"https:\/\/equipelabrosse.com\/#website","url":"https:\/\/equipelabrosse.com\/","name":"\u00c9quipe Labrosse","description":"Courtier Immobilier Montr\u00e9al, Plateau Mont-Royal, Rosemont, Villeray","publisher":{"@id":"https:\/\/equipelabrosse.com\/#organization"},"potentialAction":[{"@type":"SearchAction","target":{"@type":"EntryPoint","urlTemplate":"https:\/\/equipelabrosse.com\/?s={search_term_string}"},"query-input":{"@type":"PropertyValueSpecification","valueRequired":true,"valueName":"search_term_string"}}],"inLanguage":"en-US"},{"@type":"Organization","@id":"https:\/\/equipelabrosse.com\/#organization","name":"\u00c9quipe Labrosse Courtiers immobilier","url":"https:\/\/equipelabrosse.com\/","logo":{"@type":"ImageObject","inLanguage":"en-US","@id":"https:\/\/equipelabrosse.com\/#\/schema\/logo\/image\/","url":"https:\/\/equipelabrosse.com\/files\/2022\/10\/EL-Equipe-Labrosse-Logo-Courtiers.png","contentUrl":"https:\/\/equipelabrosse.com\/files\/2022\/10\/EL-Equipe-Labrosse-Logo-Courtiers.png","width":1055,"height":357,"caption":"\u00c9quipe Labrosse Courtiers immobilier"},"image":{"@id":"https:\/\/equipelabrosse.com\/#\/schema\/logo\/image\/"},"sameAs":["https:\/\/www.facebook.com\/equipelabrosse","https:\/\/x.com\/EquipeLabrosse","https:\/\/www.instagram.com\/equipelabrosse\/?hl=fr","https:\/\/www.linkedin.com\/company\/72288987\/admin\/"]},{"@type":"Person","@id":"https:\/\/equipelabrosse.com\/#\/schema\/person\/5285987da419f1bd357b37d99ba67f39","name":"Evelyne Labrosse","image":{"@type":"ImageObject","inLanguage":"en-US","@id":"https:\/\/equipelabrosse.com\/#\/schema\/person\/image\/","url":"http:\/\/equipelabrosse.com\/files\/2014\/02\/100408_avatar-96x96.jpg","contentUrl":"http:\/\/equipelabrosse.com\/files\/2014\/02\/100408_avatar-96x96.jpg","caption":"Evelyne Labrosse"},"sameAs":["http:\/\/equipelabrosse.com"],"url":"https:\/\/equipelabrosse.com\/en\/author\/100408\/"}]}},"_links":{"self":[{"href":"https:\/\/equipelabrosse.com\/en\/wp-json\/wp\/v2\/posts\/966","targetHints":{"allow":["GET"]}}],"collection":[{"href":"https:\/\/equipelabrosse.com\/en\/wp-json\/wp\/v2\/posts"}],"about":[{"href":"https:\/\/equipelabrosse.com\/en\/wp-json\/wp\/v2\/types\/post"}],"author":[{"embeddable":true,"href":"https:\/\/equipelabrosse.com\/en\/wp-json\/wp\/v2\/users\/445"}],"replies":[{"embeddable":true,"href":"https:\/\/equipelabrosse.com\/en\/wp-json\/wp\/v2\/comments?post=966"}],"version-history":[{"count":0,"href":"https:\/\/equipelabrosse.com\/en\/wp-json\/wp\/v2\/posts\/966\/revisions"}],"wp:featuredmedia":[{"embeddable":true,"href":"https:\/\/equipelabrosse.com\/en\/wp-json\/wp\/v2\/media\/1069"}],"wp:attachment":[{"href":"https:\/\/equipelabrosse.com\/en\/wp-json\/wp\/v2\/media?parent=966"}],"wp:term":[{"taxonomy":"category","embeddable":true,"href":"https:\/\/equipelabrosse.com\/en\/wp-json\/wp\/v2\/categories?post=966"},{"taxonomy":"post_tag","embeddable":true,"href":"https:\/\/equipelabrosse.com\/en\/wp-json\/wp\/v2\/tags?post=966"}],"curies":[{"name":"wp","href":"https:\/\/api.w.org\/{rel}","templated":true}]}}