{"id":815,"date":"2015-06-08T16:26:14","date_gmt":"2015-06-08T20:26:14","guid":{"rendered":"http:\/\/equipelabrosse.com\/?p=815"},"modified":"2015-06-08T16:26:14","modified_gmt":"2015-06-08T20:26:14","slug":"la-croissance-a-surtout-ete-forte-sur-lile-de-montreal-avec-une-hausse-de-19","status":"publish","type":"post","link":"https:\/\/equipelabrosse.com\/en\/non-classe\/la-croissance-a-surtout-ete-forte-sur-lile-de-montreal-avec-une-hausse-de-19\/","title":{"rendered":"&#8221;La croissance a surtout \u00e9t\u00e9 forte sur l&#8217;\u00eele de Montr\u00e9al, avec une hausse de 19%.&#8221;"},"content":{"rendered":"<p>En mai, les ventes sur l&#8217;\u00eele de Montr\u00e9al ont augment\u00e9 de 19% par rapport \u00e0 l&#8217;an pass\u00e9 (9% pour le Montr\u00e9al m\u00e9tropolitain). Les ventes ont bondi de 36% pour les immeubles \u00e0 revenus, ont avanc\u00e9 de 10% du c\u00f4t\u00e9 des maisons unifamiliales et ont recul\u00e9 de 1% pour les condos.<\/p>\n<p>Les prix m\u00e9dians ont davantage augment\u00e9 en copropri\u00e9t\u00e9, avec un gain de 6% pour les condos. Le prix des maisons unifamiliales quant \u00e0 lui a progress\u00e9 de 2% et celui des plex a gagn\u00e9 3%.<\/p>\n<p>Retrouvez les statistiques compl\u00e8tes \u00e0 l&#8217;adresse suivante : <a title=\"http:\/\/argent.canoe.ca\/vos-finances\/immobilier\/la-revente-de-maisons-grimpe-de-9-montreal\" href=\"http:\/\/argent.canoe.ca\/vos-finances\/immobilier\/la-revente-de-maisons-grimpe-de-9-montreal-5062015\">http:\/\/argent.canoe.ca\/vos-finances\/immobilier\/la-revente-de-maisons-grimpe-de-9-montreal-5062015<\/a><\/p>","protected":false},"excerpt":{"rendered":"<p>En mai, les ventes sur l&#8217;\u00eele de Montr\u00e9al ont augment\u00e9 de 19% par rapport \u00e0 l&#8217;an pass\u00e9 (9% pour le Montr\u00e9al m\u00e9tropolitain). Les ventes ont bondi de 36% pour les immeubles \u00e0 revenus, ont avanc\u00e9 de 10% du c\u00f4t\u00e9 des maisons unifamiliales et ont recul\u00e9 de 1% pour les condos. Les prix m\u00e9dians ont davantage [&hellip;]<\/p>\n","protected":false},"author":445,"featured_media":0,"comment_status":"open","ping_status":"open","sticky":false,"template":"","format":"standard","meta":{"_acf_changed":false,"footnotes":""},"categories":[1],"tags":[],"class_list":["post-815","post","type-post","status-publish","format-standard","hentry","category-non-classe"],"acf":[],"yoast_head":"<!-- This site is optimized with the Yoast SEO plugin v26.7 - https:\/\/yoast.com\/wordpress\/plugins\/seo\/ -->\n<title>&quot;La croissance a surtout \u00e9t\u00e9 forte sur l&#039;\u00eele de Montr\u00e9al, avec une hausse de 19%.&quot; - \u00c9quipe Labrosse<\/title>\n<meta name=\"robots\" content=\"index, follow, max-snippet:-1, max-image-preview:large, max-video-preview:-1\" \/>\n<link rel=\"canonical\" href=\"https:\/\/equipelabrosse.com\/non-classe\/la-croissance-a-surtout-ete-forte-sur-lile-de-montreal-avec-une-hausse-de-19\/\" \/>\n<meta property=\"og:locale\" content=\"en_US\" \/>\n<meta property=\"og:type\" content=\"article\" \/>\n<meta property=\"og:title\" content=\"&quot;La croissance a surtout \u00e9t\u00e9 forte sur l&#039;\u00eele de Montr\u00e9al, avec une hausse de 19%.&quot; - \u00c9quipe Labrosse\" \/>\n<meta property=\"og:description\" content=\"En mai, les ventes sur l&#8217;\u00eele de Montr\u00e9al ont augment\u00e9 de 19% par rapport \u00e0 l&#8217;an pass\u00e9 (9% pour le Montr\u00e9al m\u00e9tropolitain). Les ventes ont bondi de 36% pour les immeubles \u00e0 revenus, ont avanc\u00e9 de 10% du c\u00f4t\u00e9 des maisons unifamiliales et ont recul\u00e9 de 1% pour les condos. Les prix m\u00e9dians ont davantage [&hellip;]\" \/>\n<meta property=\"og:url\" content=\"https:\/\/equipelabrosse.com\/non-classe\/la-croissance-a-surtout-ete-forte-sur-lile-de-montreal-avec-une-hausse-de-19\/\" \/>\n<meta property=\"og:site_name\" content=\"\u00c9quipe Labrosse\" \/>\n<meta property=\"article:publisher\" content=\"https:\/\/www.facebook.com\/equipelabrosse\" \/>\n<meta property=\"article:published_time\" content=\"2015-06-08T20:26:14+00:00\" \/>\n<meta name=\"author\" content=\"Evelyne Labrosse\" \/>\n<meta name=\"twitter:card\" content=\"summary_large_image\" \/>\n<meta name=\"twitter:creator\" content=\"@EquipeLabrosse\" \/>\n<meta name=\"twitter:site\" content=\"@EquipeLabrosse\" \/>\n<meta name=\"twitter:label1\" content=\"Written by\" \/>\n\t<meta name=\"twitter:data1\" content=\"Evelyne Labrosse\" \/>\n\t<meta name=\"twitter:label2\" content=\"Est. reading time\" \/>\n\t<meta name=\"twitter:data2\" content=\"1 minute\" \/>\n<script type=\"application\/ld+json\" class=\"yoast-schema-graph\">{\"@context\":\"https:\/\/schema.org\",\"@graph\":[{\"@type\":\"Article\",\"@id\":\"https:\/\/equipelabrosse.com\/non-classe\/la-croissance-a-surtout-ete-forte-sur-lile-de-montreal-avec-une-hausse-de-19\/#article\",\"isPartOf\":{\"@id\":\"https:\/\/equipelabrosse.com\/non-classe\/la-croissance-a-surtout-ete-forte-sur-lile-de-montreal-avec-une-hausse-de-19\/\"},\"author\":{\"name\":\"Evelyne Labrosse\",\"@id\":\"https:\/\/equipelabrosse.com\/#\/schema\/person\/5285987da419f1bd357b37d99ba67f39\"},\"headline\":\"&#8221;La croissance a surtout \u00e9t\u00e9 forte sur l&#8217;\u00eele de Montr\u00e9al, avec une hausse de 19%.&#8221;\",\"datePublished\":\"2015-06-08T20:26:14+00:00\",\"mainEntityOfPage\":{\"@id\":\"https:\/\/equipelabrosse.com\/non-classe\/la-croissance-a-surtout-ete-forte-sur-lile-de-montreal-avec-une-hausse-de-19\/\"},\"wordCount\":232,\"commentCount\":0,\"publisher\":{\"@id\":\"https:\/\/equipelabrosse.com\/#organization\"},\"articleSection\":[\"Non class\u00e9\"],\"inLanguage\":\"en-US\",\"potentialAction\":[{\"@type\":\"CommentAction\",\"name\":\"Comment\",\"target\":[\"https:\/\/equipelabrosse.com\/non-classe\/la-croissance-a-surtout-ete-forte-sur-lile-de-montreal-avec-une-hausse-de-19\/#respond\"]}]},{\"@type\":\"WebPage\",\"@id\":\"https:\/\/equipelabrosse.com\/non-classe\/la-croissance-a-surtout-ete-forte-sur-lile-de-montreal-avec-une-hausse-de-19\/\",\"url\":\"https:\/\/equipelabrosse.com\/non-classe\/la-croissance-a-surtout-ete-forte-sur-lile-de-montreal-avec-une-hausse-de-19\/\",\"name\":\"[:fr]\\\"La croissance a surtout \u00e9t\u00e9 forte sur l'\u00eele de Montr\u00e9al, avec une hausse de 19%.\\\"[:en]\\\"La croissance a surtout \u00e9t\u00e9 forte sur l'\u00eele de Montr\u00e9al, avec une hausse de 19%.\\\"[:] - \u00c9quipe Labrosse\",\"isPartOf\":{\"@id\":\"https:\/\/equipelabrosse.com\/#website\"},\"datePublished\":\"2015-06-08T20:26:14+00:00\",\"breadcrumb\":{\"@id\":\"https:\/\/equipelabrosse.com\/non-classe\/la-croissance-a-surtout-ete-forte-sur-lile-de-montreal-avec-une-hausse-de-19\/#breadcrumb\"},\"inLanguage\":\"en-US\",\"potentialAction\":[{\"@type\":\"ReadAction\",\"target\":[\"https:\/\/equipelabrosse.com\/non-classe\/la-croissance-a-surtout-ete-forte-sur-lile-de-montreal-avec-une-hausse-de-19\/\"]}]},{\"@type\":\"BreadcrumbList\",\"@id\":\"https:\/\/equipelabrosse.com\/non-classe\/la-croissance-a-surtout-ete-forte-sur-lile-de-montreal-avec-une-hausse-de-19\/#breadcrumb\",\"itemListElement\":[{\"@type\":\"ListItem\",\"position\":1,\"name\":\"Accueil\",\"item\":\"https:\/\/equipelabrosse.com\/\"},{\"@type\":\"ListItem\",\"position\":2,\"name\":\"\u00a0\u00bbLa croissance a surtout \u00e9t\u00e9 forte sur l&rsquo;\u00eele de Montr\u00e9al, avec une hausse de 19%.\u00a0\u00bb\"}]},{\"@type\":\"WebSite\",\"@id\":\"https:\/\/equipelabrosse.com\/#website\",\"url\":\"https:\/\/equipelabrosse.com\/\",\"name\":\"\u00c9quipe Labrosse\",\"description\":\"Courtier Immobilier Montr\u00e9al, Plateau Mont-Royal, Rosemont, Villeray\",\"publisher\":{\"@id\":\"https:\/\/equipelabrosse.com\/#organization\"},\"potentialAction\":[{\"@type\":\"SearchAction\",\"target\":{\"@type\":\"EntryPoint\",\"urlTemplate\":\"https:\/\/equipelabrosse.com\/?s={search_term_string}\"},\"query-input\":{\"@type\":\"PropertyValueSpecification\",\"valueRequired\":true,\"valueName\":\"search_term_string\"}}],\"inLanguage\":\"en-US\"},{\"@type\":\"Organization\",\"@id\":\"https:\/\/equipelabrosse.com\/#organization\",\"name\":\"\u00c9quipe Labrosse Courtiers immobilier\",\"url\":\"https:\/\/equipelabrosse.com\/\",\"logo\":{\"@type\":\"ImageObject\",\"inLanguage\":\"en-US\",\"@id\":\"https:\/\/equipelabrosse.com\/#\/schema\/logo\/image\/\",\"url\":\"https:\/\/equipelabrosse.com\/files\/2022\/10\/EL-Equipe-Labrosse-Logo-Courtiers.png\",\"contentUrl\":\"https:\/\/equipelabrosse.com\/files\/2022\/10\/EL-Equipe-Labrosse-Logo-Courtiers.png\",\"width\":1055,\"height\":357,\"caption\":\"\u00c9quipe Labrosse Courtiers immobilier\"},\"image\":{\"@id\":\"https:\/\/equipelabrosse.com\/#\/schema\/logo\/image\/\"},\"sameAs\":[\"https:\/\/www.facebook.com\/equipelabrosse\",\"https:\/\/x.com\/EquipeLabrosse\",\"https:\/\/www.instagram.com\/equipelabrosse\/?hl=fr\",\"https:\/\/www.linkedin.com\/company\/72288987\/admin\/\"]},{\"@type\":\"Person\",\"@id\":\"https:\/\/equipelabrosse.com\/#\/schema\/person\/5285987da419f1bd357b37d99ba67f39\",\"name\":\"Evelyne Labrosse\",\"image\":{\"@type\":\"ImageObject\",\"inLanguage\":\"en-US\",\"@id\":\"https:\/\/equipelabrosse.com\/#\/schema\/person\/image\/\",\"url\":\"http:\/\/equipelabrosse.com\/files\/2014\/02\/100408_avatar-96x96.jpg\",\"contentUrl\":\"http:\/\/equipelabrosse.com\/files\/2014\/02\/100408_avatar-96x96.jpg\",\"caption\":\"Evelyne Labrosse\"},\"sameAs\":[\"http:\/\/equipelabrosse.com\"],\"url\":\"https:\/\/equipelabrosse.com\/en\/author\/100408\/\"}]}<\/script>\n<!-- \/ Yoast SEO plugin. -->","yoast_head_json":{"title":"\"La croissance a surtout \u00e9t\u00e9 forte sur l'\u00eele de Montr\u00e9al, avec une hausse de 19%.\" - \u00c9quipe Labrosse","robots":{"index":"index","follow":"follow","max-snippet":"max-snippet:-1","max-image-preview":"max-image-preview:large","max-video-preview":"max-video-preview:-1"},"canonical":"https:\/\/equipelabrosse.com\/non-classe\/la-croissance-a-surtout-ete-forte-sur-lile-de-montreal-avec-une-hausse-de-19\/","og_locale":"en_US","og_type":"article","og_title":"\"La croissance a surtout \u00e9t\u00e9 forte sur l'\u00eele de Montr\u00e9al, avec une hausse de 19%.\" - \u00c9quipe Labrosse","og_description":"En mai, les ventes sur l&#8217;\u00eele de Montr\u00e9al ont augment\u00e9 de 19% par rapport \u00e0 l&#8217;an pass\u00e9 (9% pour le Montr\u00e9al m\u00e9tropolitain). Les ventes ont bondi de 36% pour les immeubles \u00e0 revenus, ont avanc\u00e9 de 10% du c\u00f4t\u00e9 des maisons unifamiliales et ont recul\u00e9 de 1% pour les condos. Les prix m\u00e9dians ont davantage [&hellip;]","og_url":"https:\/\/equipelabrosse.com\/non-classe\/la-croissance-a-surtout-ete-forte-sur-lile-de-montreal-avec-une-hausse-de-19\/","og_site_name":"\u00c9quipe Labrosse","article_publisher":"https:\/\/www.facebook.com\/equipelabrosse","article_published_time":"2015-06-08T20:26:14+00:00","author":"Evelyne Labrosse","twitter_card":"summary_large_image","twitter_creator":"@EquipeLabrosse","twitter_site":"@EquipeLabrosse","twitter_misc":{"Written by":"Evelyne Labrosse","Est. reading time":"1 minute"},"schema":{"@context":"https:\/\/schema.org","@graph":[{"@type":"Article","@id":"https:\/\/equipelabrosse.com\/non-classe\/la-croissance-a-surtout-ete-forte-sur-lile-de-montreal-avec-une-hausse-de-19\/#article","isPartOf":{"@id":"https:\/\/equipelabrosse.com\/non-classe\/la-croissance-a-surtout-ete-forte-sur-lile-de-montreal-avec-une-hausse-de-19\/"},"author":{"name":"Evelyne Labrosse","@id":"https:\/\/equipelabrosse.com\/#\/schema\/person\/5285987da419f1bd357b37d99ba67f39"},"headline":"&#8221;La croissance a surtout \u00e9t\u00e9 forte sur l&#8217;\u00eele de Montr\u00e9al, avec une hausse de 19%.&#8221;","datePublished":"2015-06-08T20:26:14+00:00","mainEntityOfPage":{"@id":"https:\/\/equipelabrosse.com\/non-classe\/la-croissance-a-surtout-ete-forte-sur-lile-de-montreal-avec-une-hausse-de-19\/"},"wordCount":232,"commentCount":0,"publisher":{"@id":"https:\/\/equipelabrosse.com\/#organization"},"articleSection":["Non class\u00e9"],"inLanguage":"en-US","potentialAction":[{"@type":"CommentAction","name":"Comment","target":["https:\/\/equipelabrosse.com\/non-classe\/la-croissance-a-surtout-ete-forte-sur-lile-de-montreal-avec-une-hausse-de-19\/#respond"]}]},{"@type":"WebPage","@id":"https:\/\/equipelabrosse.com\/non-classe\/la-croissance-a-surtout-ete-forte-sur-lile-de-montreal-avec-une-hausse-de-19\/","url":"https:\/\/equipelabrosse.com\/non-classe\/la-croissance-a-surtout-ete-forte-sur-lile-de-montreal-avec-une-hausse-de-19\/","name":"[:fr]\"La croissance a surtout \u00e9t\u00e9 forte sur l'\u00eele de Montr\u00e9al, avec une hausse de 19%.\"[:en]\"La croissance a surtout \u00e9t\u00e9 forte sur l'\u00eele de Montr\u00e9al, avec une hausse de 19%.\"[:] - \u00c9quipe Labrosse","isPartOf":{"@id":"https:\/\/equipelabrosse.com\/#website"},"datePublished":"2015-06-08T20:26:14+00:00","breadcrumb":{"@id":"https:\/\/equipelabrosse.com\/non-classe\/la-croissance-a-surtout-ete-forte-sur-lile-de-montreal-avec-une-hausse-de-19\/#breadcrumb"},"inLanguage":"en-US","potentialAction":[{"@type":"ReadAction","target":["https:\/\/equipelabrosse.com\/non-classe\/la-croissance-a-surtout-ete-forte-sur-lile-de-montreal-avec-une-hausse-de-19\/"]}]},{"@type":"BreadcrumbList","@id":"https:\/\/equipelabrosse.com\/non-classe\/la-croissance-a-surtout-ete-forte-sur-lile-de-montreal-avec-une-hausse-de-19\/#breadcrumb","itemListElement":[{"@type":"ListItem","position":1,"name":"Accueil","item":"https:\/\/equipelabrosse.com\/"},{"@type":"ListItem","position":2,"name":"\u00a0\u00bbLa croissance a surtout \u00e9t\u00e9 forte sur l&rsquo;\u00eele de Montr\u00e9al, avec une hausse de 19%.\u00a0\u00bb"}]},{"@type":"WebSite","@id":"https:\/\/equipelabrosse.com\/#website","url":"https:\/\/equipelabrosse.com\/","name":"\u00c9quipe Labrosse","description":"Courtier Immobilier Montr\u00e9al, Plateau Mont-Royal, Rosemont, Villeray","publisher":{"@id":"https:\/\/equipelabrosse.com\/#organization"},"potentialAction":[{"@type":"SearchAction","target":{"@type":"EntryPoint","urlTemplate":"https:\/\/equipelabrosse.com\/?s={search_term_string}"},"query-input":{"@type":"PropertyValueSpecification","valueRequired":true,"valueName":"search_term_string"}}],"inLanguage":"en-US"},{"@type":"Organization","@id":"https:\/\/equipelabrosse.com\/#organization","name":"\u00c9quipe Labrosse Courtiers immobilier","url":"https:\/\/equipelabrosse.com\/","logo":{"@type":"ImageObject","inLanguage":"en-US","@id":"https:\/\/equipelabrosse.com\/#\/schema\/logo\/image\/","url":"https:\/\/equipelabrosse.com\/files\/2022\/10\/EL-Equipe-Labrosse-Logo-Courtiers.png","contentUrl":"https:\/\/equipelabrosse.com\/files\/2022\/10\/EL-Equipe-Labrosse-Logo-Courtiers.png","width":1055,"height":357,"caption":"\u00c9quipe Labrosse Courtiers immobilier"},"image":{"@id":"https:\/\/equipelabrosse.com\/#\/schema\/logo\/image\/"},"sameAs":["https:\/\/www.facebook.com\/equipelabrosse","https:\/\/x.com\/EquipeLabrosse","https:\/\/www.instagram.com\/equipelabrosse\/?hl=fr","https:\/\/www.linkedin.com\/company\/72288987\/admin\/"]},{"@type":"Person","@id":"https:\/\/equipelabrosse.com\/#\/schema\/person\/5285987da419f1bd357b37d99ba67f39","name":"Evelyne Labrosse","image":{"@type":"ImageObject","inLanguage":"en-US","@id":"https:\/\/equipelabrosse.com\/#\/schema\/person\/image\/","url":"http:\/\/equipelabrosse.com\/files\/2014\/02\/100408_avatar-96x96.jpg","contentUrl":"http:\/\/equipelabrosse.com\/files\/2014\/02\/100408_avatar-96x96.jpg","caption":"Evelyne Labrosse"},"sameAs":["http:\/\/equipelabrosse.com"],"url":"https:\/\/equipelabrosse.com\/en\/author\/100408\/"}]}},"_links":{"self":[{"href":"https:\/\/equipelabrosse.com\/en\/wp-json\/wp\/v2\/posts\/815","targetHints":{"allow":["GET"]}}],"collection":[{"href":"https:\/\/equipelabrosse.com\/en\/wp-json\/wp\/v2\/posts"}],"about":[{"href":"https:\/\/equipelabrosse.com\/en\/wp-json\/wp\/v2\/types\/post"}],"author":[{"embeddable":true,"href":"https:\/\/equipelabrosse.com\/en\/wp-json\/wp\/v2\/users\/445"}],"replies":[{"embeddable":true,"href":"https:\/\/equipelabrosse.com\/en\/wp-json\/wp\/v2\/comments?post=815"}],"version-history":[{"count":0,"href":"https:\/\/equipelabrosse.com\/en\/wp-json\/wp\/v2\/posts\/815\/revisions"}],"wp:attachment":[{"href":"https:\/\/equipelabrosse.com\/en\/wp-json\/wp\/v2\/media?parent=815"}],"wp:term":[{"taxonomy":"category","embeddable":true,"href":"https:\/\/equipelabrosse.com\/en\/wp-json\/wp\/v2\/categories?post=815"},{"taxonomy":"post_tag","embeddable":true,"href":"https:\/\/equipelabrosse.com\/en\/wp-json\/wp\/v2\/tags?post=815"}],"curies":[{"name":"wp","href":"https:\/\/api.w.org\/{rel}","templated":true}]}}