{"id":697,"date":"2015-02-02T16:48:12","date_gmt":"2015-02-02T21:48:12","guid":{"rendered":"http:\/\/equipelabrosse.com\/?p=697"},"modified":"2015-02-12T15:25:16","modified_gmt":"2015-02-12T20:25:16","slug":"condensation-fenetres-ou-mauvaises-habitudes","status":"publish","type":"post","link":"https:\/\/equipelabrosse.com\/en\/non-classe\/condensation-fenetres-ou-mauvaises-habitudes\/","title":{"rendered":"Condensation : fen\u00eatres ou mauvaises habitudes ?"},"content":{"rendered":"<p>&nbsp;<\/p>\n<p>Les grands froids de cet hiver ont r\u00e9ussi \u00e0 faire givrer m\u00eame les meilleures fen\u00eatres. Dans la plupart des cas, ce ne sont pas les fen\u00eatres ni leur installation qui sont en cause. Le taux d\u2019humidit\u00e9 \u00e0 l\u2019int\u00e9rieur de la maison est tout simplement trop \u00e9lev\u00e9. Certaines habitudes sont donc \u00e0 proscrire.<\/p>\n<p>Lorsque vous magasinez une propri\u00e9t\u00e9, vous devez \u00eatre attentifs lorsque vous observez des fen\u00eatres embu\u00e9es ou carr\u00e9ment givr\u00e9es.<\/p>\n<p>&nbsp;<\/p>\n<p>Retrouvez les conseils complets : <a href=\"http:\/\/plus.lapresse.ca\/screens\/d711daf9-ef12-4df0-962c-bc383fc1f7f6|_0.htmlhttp:\/\/\">article lapresse.ca &#8221; condensation : fen\u00eatres ou mauvaises habitudes ? &#8220;<\/a><\/p>","protected":false},"excerpt":{"rendered":"<p>&nbsp; Les grands froids de cet hiver ont r\u00e9ussi \u00e0 faire givrer m\u00eame les meilleures fen\u00eatres. Dans la plupart des cas, ce ne sont pas les fen\u00eatres ni leur installation qui sont en cause. Le taux d\u2019humidit\u00e9 \u00e0 l\u2019int\u00e9rieur de la maison est tout simplement trop \u00e9lev\u00e9. Certaines habitudes sont donc \u00e0 proscrire. Lorsque vous [&hellip;]<\/p>\n","protected":false},"author":445,"featured_media":0,"comment_status":"open","ping_status":"open","sticky":false,"template":"","format":"standard","meta":{"_acf_changed":false,"footnotes":""},"categories":[1],"tags":[],"class_list":["post-697","post","type-post","status-publish","format-standard","hentry","category-non-classe"],"acf":[],"yoast_head":"<!-- This site is optimized with the Yoast SEO plugin v26.7 - https:\/\/yoast.com\/wordpress\/plugins\/seo\/ -->\n<title>Condensation : fen\u00eatres ou mauvaises habitudes ?  - \u00c9quipe Labrosse<\/title>\n<meta name=\"robots\" content=\"index, follow, max-snippet:-1, max-image-preview:large, max-video-preview:-1\" \/>\n<link rel=\"canonical\" href=\"https:\/\/equipelabrosse.com\/non-classe\/condensation-fenetres-ou-mauvaises-habitudes\/\" \/>\n<meta property=\"og:locale\" content=\"en_US\" \/>\n<meta property=\"og:type\" content=\"article\" \/>\n<meta property=\"og:title\" content=\"Condensation : fen\u00eatres ou mauvaises habitudes ?  - \u00c9quipe Labrosse\" \/>\n<meta property=\"og:description\" content=\"&nbsp; Les grands froids de cet hiver ont r\u00e9ussi \u00e0 faire givrer m\u00eame les meilleures fen\u00eatres. Dans la plupart des cas, ce ne sont pas les fen\u00eatres ni leur installation qui sont en cause. Le taux d\u2019humidit\u00e9 \u00e0 l\u2019int\u00e9rieur de la maison est tout simplement trop \u00e9lev\u00e9. Certaines habitudes sont donc \u00e0 proscrire. Lorsque vous [&hellip;]\" \/>\n<meta property=\"og:url\" content=\"https:\/\/equipelabrosse.com\/non-classe\/condensation-fenetres-ou-mauvaises-habitudes\/\" \/>\n<meta property=\"og:site_name\" content=\"\u00c9quipe Labrosse\" \/>\n<meta property=\"article:publisher\" content=\"https:\/\/www.facebook.com\/equipelabrosse\" \/>\n<meta property=\"article:published_time\" content=\"2015-02-02T21:48:12+00:00\" \/>\n<meta property=\"article:modified_time\" content=\"2015-02-12T20:25:16+00:00\" \/>\n<meta name=\"author\" content=\"Evelyne Labrosse\" \/>\n<meta name=\"twitter:card\" content=\"summary_large_image\" \/>\n<meta name=\"twitter:creator\" content=\"@EquipeLabrosse\" \/>\n<meta name=\"twitter:site\" content=\"@EquipeLabrosse\" \/>\n<meta name=\"twitter:label1\" content=\"Written by\" \/>\n\t<meta name=\"twitter:data1\" content=\"Evelyne Labrosse\" \/>\n\t<meta name=\"twitter:label2\" content=\"Est. reading time\" \/>\n\t<meta name=\"twitter:data2\" content=\"1 minute\" \/>\n<script type=\"application\/ld+json\" class=\"yoast-schema-graph\">{\"@context\":\"https:\/\/schema.org\",\"@graph\":[{\"@type\":\"Article\",\"@id\":\"https:\/\/equipelabrosse.com\/non-classe\/condensation-fenetres-ou-mauvaises-habitudes\/#article\",\"isPartOf\":{\"@id\":\"https:\/\/equipelabrosse.com\/non-classe\/condensation-fenetres-ou-mauvaises-habitudes\/\"},\"author\":{\"name\":\"Evelyne Labrosse\",\"@id\":\"https:\/\/equipelabrosse.com\/#\/schema\/person\/5285987da419f1bd357b37d99ba67f39\"},\"headline\":\"Condensation : fen\u00eatres ou mauvaises habitudes ?\",\"datePublished\":\"2015-02-02T21:48:12+00:00\",\"dateModified\":\"2015-02-12T20:25:16+00:00\",\"mainEntityOfPage\":{\"@id\":\"https:\/\/equipelabrosse.com\/non-classe\/condensation-fenetres-ou-mauvaises-habitudes\/\"},\"wordCount\":203,\"commentCount\":0,\"publisher\":{\"@id\":\"https:\/\/equipelabrosse.com\/#organization\"},\"articleSection\":[\"Non class\u00e9\"],\"inLanguage\":\"en-US\",\"potentialAction\":[{\"@type\":\"CommentAction\",\"name\":\"Comment\",\"target\":[\"https:\/\/equipelabrosse.com\/non-classe\/condensation-fenetres-ou-mauvaises-habitudes\/#respond\"]}]},{\"@type\":\"WebPage\",\"@id\":\"https:\/\/equipelabrosse.com\/non-classe\/condensation-fenetres-ou-mauvaises-habitudes\/\",\"url\":\"https:\/\/equipelabrosse.com\/non-classe\/condensation-fenetres-ou-mauvaises-habitudes\/\",\"name\":\"[:fr]Condensation : fen\u00eatres ou mauvaises habitudes ? [:en]Condensation : fen\u00eatres ou mauvaises habitudes ? [:] - \u00c9quipe Labrosse\",\"isPartOf\":{\"@id\":\"https:\/\/equipelabrosse.com\/#website\"},\"datePublished\":\"2015-02-02T21:48:12+00:00\",\"dateModified\":\"2015-02-12T20:25:16+00:00\",\"breadcrumb\":{\"@id\":\"https:\/\/equipelabrosse.com\/non-classe\/condensation-fenetres-ou-mauvaises-habitudes\/#breadcrumb\"},\"inLanguage\":\"en-US\",\"potentialAction\":[{\"@type\":\"ReadAction\",\"target\":[\"https:\/\/equipelabrosse.com\/non-classe\/condensation-fenetres-ou-mauvaises-habitudes\/\"]}]},{\"@type\":\"BreadcrumbList\",\"@id\":\"https:\/\/equipelabrosse.com\/non-classe\/condensation-fenetres-ou-mauvaises-habitudes\/#breadcrumb\",\"itemListElement\":[{\"@type\":\"ListItem\",\"position\":1,\"name\":\"Accueil\",\"item\":\"https:\/\/equipelabrosse.com\/\"},{\"@type\":\"ListItem\",\"position\":2,\"name\":\"Condensation : fen\u00eatres ou mauvaises habitudes ?\"}]},{\"@type\":\"WebSite\",\"@id\":\"https:\/\/equipelabrosse.com\/#website\",\"url\":\"https:\/\/equipelabrosse.com\/\",\"name\":\"\u00c9quipe Labrosse\",\"description\":\"Courtier Immobilier Montr\u00e9al, Plateau Mont-Royal, Rosemont, Villeray\",\"publisher\":{\"@id\":\"https:\/\/equipelabrosse.com\/#organization\"},\"potentialAction\":[{\"@type\":\"SearchAction\",\"target\":{\"@type\":\"EntryPoint\",\"urlTemplate\":\"https:\/\/equipelabrosse.com\/?s={search_term_string}\"},\"query-input\":{\"@type\":\"PropertyValueSpecification\",\"valueRequired\":true,\"valueName\":\"search_term_string\"}}],\"inLanguage\":\"en-US\"},{\"@type\":\"Organization\",\"@id\":\"https:\/\/equipelabrosse.com\/#organization\",\"name\":\"\u00c9quipe Labrosse Courtiers immobilier\",\"url\":\"https:\/\/equipelabrosse.com\/\",\"logo\":{\"@type\":\"ImageObject\",\"inLanguage\":\"en-US\",\"@id\":\"https:\/\/equipelabrosse.com\/#\/schema\/logo\/image\/\",\"url\":\"https:\/\/equipelabrosse.com\/files\/2022\/10\/EL-Equipe-Labrosse-Logo-Courtiers.png\",\"contentUrl\":\"https:\/\/equipelabrosse.com\/files\/2022\/10\/EL-Equipe-Labrosse-Logo-Courtiers.png\",\"width\":1055,\"height\":357,\"caption\":\"\u00c9quipe Labrosse Courtiers immobilier\"},\"image\":{\"@id\":\"https:\/\/equipelabrosse.com\/#\/schema\/logo\/image\/\"},\"sameAs\":[\"https:\/\/www.facebook.com\/equipelabrosse\",\"https:\/\/x.com\/EquipeLabrosse\",\"https:\/\/www.instagram.com\/equipelabrosse\/?hl=fr\",\"https:\/\/www.linkedin.com\/company\/72288987\/admin\/\"]},{\"@type\":\"Person\",\"@id\":\"https:\/\/equipelabrosse.com\/#\/schema\/person\/5285987da419f1bd357b37d99ba67f39\",\"name\":\"Evelyne Labrosse\",\"image\":{\"@type\":\"ImageObject\",\"inLanguage\":\"en-US\",\"@id\":\"https:\/\/equipelabrosse.com\/#\/schema\/person\/image\/\",\"url\":\"http:\/\/equipelabrosse.com\/files\/2014\/02\/100408_avatar-96x96.jpg\",\"contentUrl\":\"http:\/\/equipelabrosse.com\/files\/2014\/02\/100408_avatar-96x96.jpg\",\"caption\":\"Evelyne Labrosse\"},\"sameAs\":[\"http:\/\/equipelabrosse.com\"],\"url\":\"https:\/\/equipelabrosse.com\/en\/author\/100408\/\"}]}<\/script>\n<!-- \/ Yoast SEO plugin. -->","yoast_head_json":{"title":"Condensation : fen\u00eatres ou mauvaises habitudes ?  - \u00c9quipe Labrosse","robots":{"index":"index","follow":"follow","max-snippet":"max-snippet:-1","max-image-preview":"max-image-preview:large","max-video-preview":"max-video-preview:-1"},"canonical":"https:\/\/equipelabrosse.com\/non-classe\/condensation-fenetres-ou-mauvaises-habitudes\/","og_locale":"en_US","og_type":"article","og_title":"Condensation : fen\u00eatres ou mauvaises habitudes ?  - \u00c9quipe Labrosse","og_description":"&nbsp; Les grands froids de cet hiver ont r\u00e9ussi \u00e0 faire givrer m\u00eame les meilleures fen\u00eatres. Dans la plupart des cas, ce ne sont pas les fen\u00eatres ni leur installation qui sont en cause. Le taux d\u2019humidit\u00e9 \u00e0 l\u2019int\u00e9rieur de la maison est tout simplement trop \u00e9lev\u00e9. Certaines habitudes sont donc \u00e0 proscrire. Lorsque vous [&hellip;]","og_url":"https:\/\/equipelabrosse.com\/non-classe\/condensation-fenetres-ou-mauvaises-habitudes\/","og_site_name":"\u00c9quipe Labrosse","article_publisher":"https:\/\/www.facebook.com\/equipelabrosse","article_published_time":"2015-02-02T21:48:12+00:00","article_modified_time":"2015-02-12T20:25:16+00:00","author":"Evelyne Labrosse","twitter_card":"summary_large_image","twitter_creator":"@EquipeLabrosse","twitter_site":"@EquipeLabrosse","twitter_misc":{"Written by":"Evelyne Labrosse","Est. reading time":"1 minute"},"schema":{"@context":"https:\/\/schema.org","@graph":[{"@type":"Article","@id":"https:\/\/equipelabrosse.com\/non-classe\/condensation-fenetres-ou-mauvaises-habitudes\/#article","isPartOf":{"@id":"https:\/\/equipelabrosse.com\/non-classe\/condensation-fenetres-ou-mauvaises-habitudes\/"},"author":{"name":"Evelyne Labrosse","@id":"https:\/\/equipelabrosse.com\/#\/schema\/person\/5285987da419f1bd357b37d99ba67f39"},"headline":"Condensation : fen\u00eatres ou mauvaises habitudes ?","datePublished":"2015-02-02T21:48:12+00:00","dateModified":"2015-02-12T20:25:16+00:00","mainEntityOfPage":{"@id":"https:\/\/equipelabrosse.com\/non-classe\/condensation-fenetres-ou-mauvaises-habitudes\/"},"wordCount":203,"commentCount":0,"publisher":{"@id":"https:\/\/equipelabrosse.com\/#organization"},"articleSection":["Non class\u00e9"],"inLanguage":"en-US","potentialAction":[{"@type":"CommentAction","name":"Comment","target":["https:\/\/equipelabrosse.com\/non-classe\/condensation-fenetres-ou-mauvaises-habitudes\/#respond"]}]},{"@type":"WebPage","@id":"https:\/\/equipelabrosse.com\/non-classe\/condensation-fenetres-ou-mauvaises-habitudes\/","url":"https:\/\/equipelabrosse.com\/non-classe\/condensation-fenetres-ou-mauvaises-habitudes\/","name":"[:fr]Condensation : fen\u00eatres ou mauvaises habitudes ? [:en]Condensation : fen\u00eatres ou mauvaises habitudes ? [:] - \u00c9quipe Labrosse","isPartOf":{"@id":"https:\/\/equipelabrosse.com\/#website"},"datePublished":"2015-02-02T21:48:12+00:00","dateModified":"2015-02-12T20:25:16+00:00","breadcrumb":{"@id":"https:\/\/equipelabrosse.com\/non-classe\/condensation-fenetres-ou-mauvaises-habitudes\/#breadcrumb"},"inLanguage":"en-US","potentialAction":[{"@type":"ReadAction","target":["https:\/\/equipelabrosse.com\/non-classe\/condensation-fenetres-ou-mauvaises-habitudes\/"]}]},{"@type":"BreadcrumbList","@id":"https:\/\/equipelabrosse.com\/non-classe\/condensation-fenetres-ou-mauvaises-habitudes\/#breadcrumb","itemListElement":[{"@type":"ListItem","position":1,"name":"Accueil","item":"https:\/\/equipelabrosse.com\/"},{"@type":"ListItem","position":2,"name":"Condensation : fen\u00eatres ou mauvaises habitudes ?"}]},{"@type":"WebSite","@id":"https:\/\/equipelabrosse.com\/#website","url":"https:\/\/equipelabrosse.com\/","name":"\u00c9quipe Labrosse","description":"Courtier Immobilier Montr\u00e9al, Plateau Mont-Royal, Rosemont, Villeray","publisher":{"@id":"https:\/\/equipelabrosse.com\/#organization"},"potentialAction":[{"@type":"SearchAction","target":{"@type":"EntryPoint","urlTemplate":"https:\/\/equipelabrosse.com\/?s={search_term_string}"},"query-input":{"@type":"PropertyValueSpecification","valueRequired":true,"valueName":"search_term_string"}}],"inLanguage":"en-US"},{"@type":"Organization","@id":"https:\/\/equipelabrosse.com\/#organization","name":"\u00c9quipe Labrosse Courtiers immobilier","url":"https:\/\/equipelabrosse.com\/","logo":{"@type":"ImageObject","inLanguage":"en-US","@id":"https:\/\/equipelabrosse.com\/#\/schema\/logo\/image\/","url":"https:\/\/equipelabrosse.com\/files\/2022\/10\/EL-Equipe-Labrosse-Logo-Courtiers.png","contentUrl":"https:\/\/equipelabrosse.com\/files\/2022\/10\/EL-Equipe-Labrosse-Logo-Courtiers.png","width":1055,"height":357,"caption":"\u00c9quipe Labrosse Courtiers immobilier"},"image":{"@id":"https:\/\/equipelabrosse.com\/#\/schema\/logo\/image\/"},"sameAs":["https:\/\/www.facebook.com\/equipelabrosse","https:\/\/x.com\/EquipeLabrosse","https:\/\/www.instagram.com\/equipelabrosse\/?hl=fr","https:\/\/www.linkedin.com\/company\/72288987\/admin\/"]},{"@type":"Person","@id":"https:\/\/equipelabrosse.com\/#\/schema\/person\/5285987da419f1bd357b37d99ba67f39","name":"Evelyne Labrosse","image":{"@type":"ImageObject","inLanguage":"en-US","@id":"https:\/\/equipelabrosse.com\/#\/schema\/person\/image\/","url":"http:\/\/equipelabrosse.com\/files\/2014\/02\/100408_avatar-96x96.jpg","contentUrl":"http:\/\/equipelabrosse.com\/files\/2014\/02\/100408_avatar-96x96.jpg","caption":"Evelyne Labrosse"},"sameAs":["http:\/\/equipelabrosse.com"],"url":"https:\/\/equipelabrosse.com\/en\/author\/100408\/"}]}},"_links":{"self":[{"href":"https:\/\/equipelabrosse.com\/en\/wp-json\/wp\/v2\/posts\/697","targetHints":{"allow":["GET"]}}],"collection":[{"href":"https:\/\/equipelabrosse.com\/en\/wp-json\/wp\/v2\/posts"}],"about":[{"href":"https:\/\/equipelabrosse.com\/en\/wp-json\/wp\/v2\/types\/post"}],"author":[{"embeddable":true,"href":"https:\/\/equipelabrosse.com\/en\/wp-json\/wp\/v2\/users\/445"}],"replies":[{"embeddable":true,"href":"https:\/\/equipelabrosse.com\/en\/wp-json\/wp\/v2\/comments?post=697"}],"version-history":[{"count":0,"href":"https:\/\/equipelabrosse.com\/en\/wp-json\/wp\/v2\/posts\/697\/revisions"}],"wp:attachment":[{"href":"https:\/\/equipelabrosse.com\/en\/wp-json\/wp\/v2\/media?parent=697"}],"wp:term":[{"taxonomy":"category","embeddable":true,"href":"https:\/\/equipelabrosse.com\/en\/wp-json\/wp\/v2\/categories?post=697"},{"taxonomy":"post_tag","embeddable":true,"href":"https:\/\/equipelabrosse.com\/en\/wp-json\/wp\/v2\/tags?post=697"}],"curies":[{"name":"wp","href":"https:\/\/api.w.org\/{rel}","templated":true}]}}