{"id":686,"date":"2015-01-22T18:10:09","date_gmt":"2015-01-22T23:10:09","guid":{"rendered":"http:\/\/equipelabrosse.com\/?p=686"},"modified":"2016-03-08T16:36:20","modified_gmt":"2016-03-08T21:36:20","slug":"chronique-immobiliere-hebdomadaire-2","status":"publish","type":"post","link":"https:\/\/equipelabrosse.com\/en\/non-classe\/chronique-immobiliere-hebdomadaire-2\/","title":{"rendered":"Chronique immobili\u00e8re hebdomadaire #2"},"content":{"rendered":"<p>&nbsp;<\/p>\n<p>Chaque semaine retrouvez la nouvelle chronique immobili\u00e8re de Nathalie Cl\u00e9ment, directrice de notre agence Via Capitale du Mont-Royal.<\/p>\n<p>Cette semaine notre sujet\u00a0 :\u00a0\u00a0 &#8221; Vous vendez votre propri\u00e9t\u00e9? \u00c9viter les \u00e9cueils ! \u00bb<\/p>\n<p>Pour \u00e9couter la chronique c\u2019est par ici : <a href=\"http:\/\/www.viacapitaledumontroyal.com\/chronique-immobiliere-avec-nathalie-clement\/\">Chronique immobili\u00e8re du 20 janvier 2015<\/a><\/p>","protected":false},"excerpt":{"rendered":"<p>&nbsp; Chaque semaine retrouvez la nouvelle chronique immobili\u00e8re de Nathalie Cl\u00e9ment, directrice de notre agence Via Capitale du Mont-Royal. Cette semaine notre sujet\u00a0 :\u00a0\u00a0 &#8221; Vous vendez votre propri\u00e9t\u00e9? \u00c9viter les \u00e9cueils ! \u00bb Pour \u00e9couter la chronique c\u2019est par ici : Chronique immobili\u00e8re du 20 janvier 2015<\/p>\n","protected":false},"author":445,"featured_media":1069,"comment_status":"open","ping_status":"open","sticky":false,"template":"","format":"standard","meta":{"_acf_changed":false,"footnotes":""},"categories":[1],"tags":[35,29,34,36,32,33,31,30],"class_list":["post-686","post","type-post","status-publish","format-standard","hentry","category-non-classe","tag-101-5","tag-chronique-immobiliere","tag-cibl","tag-cibl-101-5","tag-nathalie-clement","tag-oranges-pressees","tag-potcast-immobilier","tag-radio-immobilier"],"acf":[],"yoast_head":"<!-- This site is optimized with the Yoast SEO plugin v26.7 - https:\/\/yoast.com\/wordpress\/plugins\/seo\/ -->\n<title>Chronique immobili\u00e8re hebdomadaire #2 - \u00c9quipe Labrosse<\/title>\n<meta name=\"robots\" content=\"index, follow, max-snippet:-1, max-image-preview:large, max-video-preview:-1\" \/>\n<link rel=\"canonical\" href=\"https:\/\/equipelabrosse.com\/en\/non-classe\/chronique-immobiliere-hebdomadaire-2\/\" \/>\n<meta property=\"og:locale\" content=\"en_US\" \/>\n<meta property=\"og:type\" content=\"article\" \/>\n<meta property=\"og:title\" content=\"Chronique immobili\u00e8re hebdomadaire #2 - \u00c9quipe Labrosse\" \/>\n<meta property=\"og:description\" content=\"&nbsp; Chaque semaine retrouvez la nouvelle chronique immobili\u00e8re de Nathalie Cl\u00e9ment, directrice de notre agence Via Capitale du Mont-Royal. Cette semaine notre sujet\u00a0 :\u00a0\u00a0 &#8221; Vous vendez votre propri\u00e9t\u00e9? \u00c9viter les \u00e9cueils ! \u00bb Pour \u00e9couter la chronique c\u2019est par ici : Chronique immobili\u00e8re du 20 janvier 2015\" \/>\n<meta property=\"og:url\" content=\"https:\/\/equipelabrosse.com\/en\/non-classe\/chronique-immobiliere-hebdomadaire-2\/\" \/>\n<meta property=\"og:site_name\" content=\"\u00c9quipe Labrosse\" \/>\n<meta property=\"article:publisher\" content=\"https:\/\/www.facebook.com\/equipelabrosse\" \/>\n<meta property=\"article:published_time\" content=\"2015-01-22T23:10:09+00:00\" \/>\n<meta property=\"article:modified_time\" content=\"2016-03-08T21:36:20+00:00\" \/>\n<meta property=\"og:image\" content=\"https:\/\/equipelabrosse.com\/files\/2016\/03\/CHRONIQUE-10.png\" \/>\n\t<meta property=\"og:image:width\" content=\"940\" \/>\n\t<meta property=\"og:image:height\" content=\"788\" \/>\n\t<meta property=\"og:image:type\" content=\"image\/png\" \/>\n<meta name=\"author\" content=\"Evelyne Labrosse\" \/>\n<meta name=\"twitter:card\" content=\"summary_large_image\" \/>\n<meta name=\"twitter:creator\" content=\"@EquipeLabrosse\" \/>\n<meta name=\"twitter:site\" content=\"@EquipeLabrosse\" \/>\n<meta name=\"twitter:label1\" content=\"Written by\" \/>\n\t<meta name=\"twitter:data1\" content=\"Evelyne Labrosse\" \/>\n<script type=\"application\/ld+json\" class=\"yoast-schema-graph\">{\"@context\":\"https:\/\/schema.org\",\"@graph\":[{\"@type\":\"Article\",\"@id\":\"https:\/\/equipelabrosse.com\/en\/non-classe\/chronique-immobiliere-hebdomadaire-2\/#article\",\"isPartOf\":{\"@id\":\"https:\/\/equipelabrosse.com\/en\/non-classe\/chronique-immobiliere-hebdomadaire-2\/\"},\"author\":{\"name\":\"Evelyne Labrosse\",\"@id\":\"https:\/\/equipelabrosse.com\/#\/schema\/person\/5285987da419f1bd357b37d99ba67f39\"},\"headline\":\"Chronique immobili\u00e8re hebdomadaire #2\",\"datePublished\":\"2015-01-22T23:10:09+00:00\",\"dateModified\":\"2016-03-08T21:36:20+00:00\",\"mainEntityOfPage\":{\"@id\":\"https:\/\/equipelabrosse.com\/en\/non-classe\/chronique-immobiliere-hebdomadaire-2\/\"},\"wordCount\":97,\"commentCount\":0,\"publisher\":{\"@id\":\"https:\/\/equipelabrosse.com\/#organization\"},\"image\":{\"@id\":\"https:\/\/equipelabrosse.com\/en\/non-classe\/chronique-immobiliere-hebdomadaire-2\/#primaryimage\"},\"thumbnailUrl\":\"https:\/\/equipelabrosse.com\/files\/2016\/03\/CHRONIQUE-10.png\",\"keywords\":[\"101.5\",\"chronique immobili\u00e8re\",\"CIBL\",\"CIBL 101.5\",\"nathalie clement\",\"oranges press\u00e9es\",\"potcast immobilier\",\"radio immobilier\"],\"articleSection\":[\"Non class\u00e9\"],\"inLanguage\":\"en-US\",\"potentialAction\":[{\"@type\":\"CommentAction\",\"name\":\"Comment\",\"target\":[\"https:\/\/equipelabrosse.com\/en\/non-classe\/chronique-immobiliere-hebdomadaire-2\/#respond\"]}]},{\"@type\":\"WebPage\",\"@id\":\"https:\/\/equipelabrosse.com\/en\/non-classe\/chronique-immobiliere-hebdomadaire-2\/\",\"url\":\"https:\/\/equipelabrosse.com\/en\/non-classe\/chronique-immobiliere-hebdomadaire-2\/\",\"name\":\"Chronique immobili\u00e8re hebdomadaire #2 - \u00c9quipe Labrosse\",\"isPartOf\":{\"@id\":\"https:\/\/equipelabrosse.com\/#website\"},\"primaryImageOfPage\":{\"@id\":\"https:\/\/equipelabrosse.com\/en\/non-classe\/chronique-immobiliere-hebdomadaire-2\/#primaryimage\"},\"image\":{\"@id\":\"https:\/\/equipelabrosse.com\/en\/non-classe\/chronique-immobiliere-hebdomadaire-2\/#primaryimage\"},\"thumbnailUrl\":\"https:\/\/equipelabrosse.com\/files\/2016\/03\/CHRONIQUE-10.png\",\"datePublished\":\"2015-01-22T23:10:09+00:00\",\"dateModified\":\"2016-03-08T21:36:20+00:00\",\"breadcrumb\":{\"@id\":\"https:\/\/equipelabrosse.com\/en\/non-classe\/chronique-immobiliere-hebdomadaire-2\/#breadcrumb\"},\"inLanguage\":\"en-US\",\"potentialAction\":[{\"@type\":\"ReadAction\",\"target\":[\"https:\/\/equipelabrosse.com\/en\/non-classe\/chronique-immobiliere-hebdomadaire-2\/\"]}]},{\"@type\":\"ImageObject\",\"inLanguage\":\"en-US\",\"@id\":\"https:\/\/equipelabrosse.com\/en\/non-classe\/chronique-immobiliere-hebdomadaire-2\/#primaryimage\",\"url\":\"https:\/\/equipelabrosse.com\/files\/2016\/03\/CHRONIQUE-10.png\",\"contentUrl\":\"https:\/\/equipelabrosse.com\/files\/2016\/03\/CHRONIQUE-10.png\",\"width\":940,\"height\":788,\"caption\":\"Chronique immobili\u00e8re\"},{\"@type\":\"BreadcrumbList\",\"@id\":\"https:\/\/equipelabrosse.com\/en\/non-classe\/chronique-immobiliere-hebdomadaire-2\/#breadcrumb\",\"itemListElement\":[{\"@type\":\"ListItem\",\"position\":1,\"name\":\"Accueil\",\"item\":\"https:\/\/equipelabrosse.com\/\"},{\"@type\":\"ListItem\",\"position\":2,\"name\":\"Chronique immobili\u00e8re hebdomadaire #2\"}]},{\"@type\":\"WebSite\",\"@id\":\"https:\/\/equipelabrosse.com\/#website\",\"url\":\"https:\/\/equipelabrosse.com\/\",\"name\":\"\u00c9quipe Labrosse\",\"description\":\"Courtier Immobilier Montr\u00e9al, Plateau Mont-Royal, Rosemont, Villeray\",\"publisher\":{\"@id\":\"https:\/\/equipelabrosse.com\/#organization\"},\"potentialAction\":[{\"@type\":\"SearchAction\",\"target\":{\"@type\":\"EntryPoint\",\"urlTemplate\":\"https:\/\/equipelabrosse.com\/?s={search_term_string}\"},\"query-input\":{\"@type\":\"PropertyValueSpecification\",\"valueRequired\":true,\"valueName\":\"search_term_string\"}}],\"inLanguage\":\"en-US\"},{\"@type\":\"Organization\",\"@id\":\"https:\/\/equipelabrosse.com\/#organization\",\"name\":\"\u00c9quipe Labrosse Courtiers immobilier\",\"url\":\"https:\/\/equipelabrosse.com\/\",\"logo\":{\"@type\":\"ImageObject\",\"inLanguage\":\"en-US\",\"@id\":\"https:\/\/equipelabrosse.com\/#\/schema\/logo\/image\/\",\"url\":\"https:\/\/equipelabrosse.com\/files\/2022\/10\/EL-Equipe-Labrosse-Logo-Courtiers.png\",\"contentUrl\":\"https:\/\/equipelabrosse.com\/files\/2022\/10\/EL-Equipe-Labrosse-Logo-Courtiers.png\",\"width\":1055,\"height\":357,\"caption\":\"\u00c9quipe Labrosse Courtiers immobilier\"},\"image\":{\"@id\":\"https:\/\/equipelabrosse.com\/#\/schema\/logo\/image\/\"},\"sameAs\":[\"https:\/\/www.facebook.com\/equipelabrosse\",\"https:\/\/x.com\/EquipeLabrosse\",\"https:\/\/www.instagram.com\/equipelabrosse\/?hl=fr\",\"https:\/\/www.linkedin.com\/company\/72288987\/admin\/\"]},{\"@type\":\"Person\",\"@id\":\"https:\/\/equipelabrosse.com\/#\/schema\/person\/5285987da419f1bd357b37d99ba67f39\",\"name\":\"Evelyne Labrosse\",\"image\":{\"@type\":\"ImageObject\",\"inLanguage\":\"en-US\",\"@id\":\"https:\/\/equipelabrosse.com\/#\/schema\/person\/image\/\",\"url\":\"http:\/\/equipelabrosse.com\/files\/2014\/02\/100408_avatar-96x96.jpg\",\"contentUrl\":\"http:\/\/equipelabrosse.com\/files\/2014\/02\/100408_avatar-96x96.jpg\",\"caption\":\"Evelyne Labrosse\"},\"sameAs\":[\"http:\/\/equipelabrosse.com\"],\"url\":\"https:\/\/equipelabrosse.com\/en\/author\/100408\/\"}]}<\/script>\n<!-- \/ Yoast SEO plugin. -->","yoast_head_json":{"title":"Chronique immobili\u00e8re hebdomadaire #2 - \u00c9quipe Labrosse","robots":{"index":"index","follow":"follow","max-snippet":"max-snippet:-1","max-image-preview":"max-image-preview:large","max-video-preview":"max-video-preview:-1"},"canonical":"https:\/\/equipelabrosse.com\/en\/non-classe\/chronique-immobiliere-hebdomadaire-2\/","og_locale":"en_US","og_type":"article","og_title":"Chronique immobili\u00e8re hebdomadaire #2 - \u00c9quipe Labrosse","og_description":"&nbsp; Chaque semaine retrouvez la nouvelle chronique immobili\u00e8re de Nathalie Cl\u00e9ment, directrice de notre agence Via Capitale du Mont-Royal. Cette semaine notre sujet\u00a0 :\u00a0\u00a0 &#8221; Vous vendez votre propri\u00e9t\u00e9? \u00c9viter les \u00e9cueils ! \u00bb Pour \u00e9couter la chronique c\u2019est par ici : Chronique immobili\u00e8re du 20 janvier 2015","og_url":"https:\/\/equipelabrosse.com\/en\/non-classe\/chronique-immobiliere-hebdomadaire-2\/","og_site_name":"\u00c9quipe Labrosse","article_publisher":"https:\/\/www.facebook.com\/equipelabrosse","article_published_time":"2015-01-22T23:10:09+00:00","article_modified_time":"2016-03-08T21:36:20+00:00","og_image":[{"width":940,"height":788,"url":"https:\/\/equipelabrosse.com\/files\/2016\/03\/CHRONIQUE-10.png","type":"image\/png"}],"author":"Evelyne Labrosse","twitter_card":"summary_large_image","twitter_creator":"@EquipeLabrosse","twitter_site":"@EquipeLabrosse","twitter_misc":{"Written by":"Evelyne Labrosse"},"schema":{"@context":"https:\/\/schema.org","@graph":[{"@type":"Article","@id":"https:\/\/equipelabrosse.com\/en\/non-classe\/chronique-immobiliere-hebdomadaire-2\/#article","isPartOf":{"@id":"https:\/\/equipelabrosse.com\/en\/non-classe\/chronique-immobiliere-hebdomadaire-2\/"},"author":{"name":"Evelyne Labrosse","@id":"https:\/\/equipelabrosse.com\/#\/schema\/person\/5285987da419f1bd357b37d99ba67f39"},"headline":"Chronique immobili\u00e8re hebdomadaire #2","datePublished":"2015-01-22T23:10:09+00:00","dateModified":"2016-03-08T21:36:20+00:00","mainEntityOfPage":{"@id":"https:\/\/equipelabrosse.com\/en\/non-classe\/chronique-immobiliere-hebdomadaire-2\/"},"wordCount":97,"commentCount":0,"publisher":{"@id":"https:\/\/equipelabrosse.com\/#organization"},"image":{"@id":"https:\/\/equipelabrosse.com\/en\/non-classe\/chronique-immobiliere-hebdomadaire-2\/#primaryimage"},"thumbnailUrl":"https:\/\/equipelabrosse.com\/files\/2016\/03\/CHRONIQUE-10.png","keywords":["101.5","chronique immobili\u00e8re","CIBL","CIBL 101.5","nathalie clement","oranges press\u00e9es","potcast immobilier","radio immobilier"],"articleSection":["Non class\u00e9"],"inLanguage":"en-US","potentialAction":[{"@type":"CommentAction","name":"Comment","target":["https:\/\/equipelabrosse.com\/en\/non-classe\/chronique-immobiliere-hebdomadaire-2\/#respond"]}]},{"@type":"WebPage","@id":"https:\/\/equipelabrosse.com\/en\/non-classe\/chronique-immobiliere-hebdomadaire-2\/","url":"https:\/\/equipelabrosse.com\/en\/non-classe\/chronique-immobiliere-hebdomadaire-2\/","name":"Chronique immobili\u00e8re hebdomadaire #2 - \u00c9quipe Labrosse","isPartOf":{"@id":"https:\/\/equipelabrosse.com\/#website"},"primaryImageOfPage":{"@id":"https:\/\/equipelabrosse.com\/en\/non-classe\/chronique-immobiliere-hebdomadaire-2\/#primaryimage"},"image":{"@id":"https:\/\/equipelabrosse.com\/en\/non-classe\/chronique-immobiliere-hebdomadaire-2\/#primaryimage"},"thumbnailUrl":"https:\/\/equipelabrosse.com\/files\/2016\/03\/CHRONIQUE-10.png","datePublished":"2015-01-22T23:10:09+00:00","dateModified":"2016-03-08T21:36:20+00:00","breadcrumb":{"@id":"https:\/\/equipelabrosse.com\/en\/non-classe\/chronique-immobiliere-hebdomadaire-2\/#breadcrumb"},"inLanguage":"en-US","potentialAction":[{"@type":"ReadAction","target":["https:\/\/equipelabrosse.com\/en\/non-classe\/chronique-immobiliere-hebdomadaire-2\/"]}]},{"@type":"ImageObject","inLanguage":"en-US","@id":"https:\/\/equipelabrosse.com\/en\/non-classe\/chronique-immobiliere-hebdomadaire-2\/#primaryimage","url":"https:\/\/equipelabrosse.com\/files\/2016\/03\/CHRONIQUE-10.png","contentUrl":"https:\/\/equipelabrosse.com\/files\/2016\/03\/CHRONIQUE-10.png","width":940,"height":788,"caption":"Chronique immobili\u00e8re"},{"@type":"BreadcrumbList","@id":"https:\/\/equipelabrosse.com\/en\/non-classe\/chronique-immobiliere-hebdomadaire-2\/#breadcrumb","itemListElement":[{"@type":"ListItem","position":1,"name":"Accueil","item":"https:\/\/equipelabrosse.com\/"},{"@type":"ListItem","position":2,"name":"Chronique immobili\u00e8re hebdomadaire #2"}]},{"@type":"WebSite","@id":"https:\/\/equipelabrosse.com\/#website","url":"https:\/\/equipelabrosse.com\/","name":"\u00c9quipe Labrosse","description":"Courtier Immobilier Montr\u00e9al, Plateau Mont-Royal, Rosemont, Villeray","publisher":{"@id":"https:\/\/equipelabrosse.com\/#organization"},"potentialAction":[{"@type":"SearchAction","target":{"@type":"EntryPoint","urlTemplate":"https:\/\/equipelabrosse.com\/?s={search_term_string}"},"query-input":{"@type":"PropertyValueSpecification","valueRequired":true,"valueName":"search_term_string"}}],"inLanguage":"en-US"},{"@type":"Organization","@id":"https:\/\/equipelabrosse.com\/#organization","name":"\u00c9quipe Labrosse Courtiers immobilier","url":"https:\/\/equipelabrosse.com\/","logo":{"@type":"ImageObject","inLanguage":"en-US","@id":"https:\/\/equipelabrosse.com\/#\/schema\/logo\/image\/","url":"https:\/\/equipelabrosse.com\/files\/2022\/10\/EL-Equipe-Labrosse-Logo-Courtiers.png","contentUrl":"https:\/\/equipelabrosse.com\/files\/2022\/10\/EL-Equipe-Labrosse-Logo-Courtiers.png","width":1055,"height":357,"caption":"\u00c9quipe Labrosse Courtiers immobilier"},"image":{"@id":"https:\/\/equipelabrosse.com\/#\/schema\/logo\/image\/"},"sameAs":["https:\/\/www.facebook.com\/equipelabrosse","https:\/\/x.com\/EquipeLabrosse","https:\/\/www.instagram.com\/equipelabrosse\/?hl=fr","https:\/\/www.linkedin.com\/company\/72288987\/admin\/"]},{"@type":"Person","@id":"https:\/\/equipelabrosse.com\/#\/schema\/person\/5285987da419f1bd357b37d99ba67f39","name":"Evelyne Labrosse","image":{"@type":"ImageObject","inLanguage":"en-US","@id":"https:\/\/equipelabrosse.com\/#\/schema\/person\/image\/","url":"http:\/\/equipelabrosse.com\/files\/2014\/02\/100408_avatar-96x96.jpg","contentUrl":"http:\/\/equipelabrosse.com\/files\/2014\/02\/100408_avatar-96x96.jpg","caption":"Evelyne Labrosse"},"sameAs":["http:\/\/equipelabrosse.com"],"url":"https:\/\/equipelabrosse.com\/en\/author\/100408\/"}]}},"_links":{"self":[{"href":"https:\/\/equipelabrosse.com\/en\/wp-json\/wp\/v2\/posts\/686","targetHints":{"allow":["GET"]}}],"collection":[{"href":"https:\/\/equipelabrosse.com\/en\/wp-json\/wp\/v2\/posts"}],"about":[{"href":"https:\/\/equipelabrosse.com\/en\/wp-json\/wp\/v2\/types\/post"}],"author":[{"embeddable":true,"href":"https:\/\/equipelabrosse.com\/en\/wp-json\/wp\/v2\/users\/445"}],"replies":[{"embeddable":true,"href":"https:\/\/equipelabrosse.com\/en\/wp-json\/wp\/v2\/comments?post=686"}],"version-history":[{"count":0,"href":"https:\/\/equipelabrosse.com\/en\/wp-json\/wp\/v2\/posts\/686\/revisions"}],"wp:featuredmedia":[{"embeddable":true,"href":"https:\/\/equipelabrosse.com\/en\/wp-json\/wp\/v2\/media\/1069"}],"wp:attachment":[{"href":"https:\/\/equipelabrosse.com\/en\/wp-json\/wp\/v2\/media?parent=686"}],"wp:term":[{"taxonomy":"category","embeddable":true,"href":"https:\/\/equipelabrosse.com\/en\/wp-json\/wp\/v2\/categories?post=686"},{"taxonomy":"post_tag","embeddable":true,"href":"https:\/\/equipelabrosse.com\/en\/wp-json\/wp\/v2\/tags?post=686"}],"curies":[{"name":"wp","href":"https:\/\/api.w.org\/{rel}","templated":true}]}}