{"id":683,"date":"2015-01-21T11:47:30","date_gmt":"2015-01-21T16:47:30","guid":{"rendered":"http:\/\/equipelabrosse.com\/?p=683"},"modified":"2015-02-12T15:23:21","modified_gmt":"2015-02-12T20:23:21","slug":"la-clause-dexclusion-la-plus-meconnue-du-contrat-dassurance","status":"publish","type":"post","link":"https:\/\/equipelabrosse.com\/en\/non-classe\/la-clause-dexclusion-la-plus-meconnue-du-contrat-dassurance\/","title":{"rendered":"La clause d&#8217;exclusion la plus m\u00e9connue du contrat d&#8217;assurance"},"content":{"rendered":"<p>&nbsp;<\/p>\n<p>En assurance habitation, m\u00eame si nous redoutons surtout le feu et le vol, la grande majorit\u00e9 des r\u00e9clamations concernent les dommages caus\u00e9s par l\u2019eau. Heureusement, la plupart de ces dommages sont couverts, toutefois, il y a des exclusions&#8230;<\/p>\n<p>Retrouvez toutes ces exclusions dans cet article : <a href=\"http:\/\/blogue.lareau.ca\/11\/12\/2014\/la-clause-dexclusion-la-plus-meconnue-du-contrat-dassurance\/#.VLfD8FmqyIQ.facebook\">&#8221; La clause d\u2019exclusion la plus m\u00e9connue du contrat d\u2019assurance &#8221; blogue Lareau.ca<\/a><\/p>","protected":false},"excerpt":{"rendered":"<p>&nbsp; En assurance habitation, m\u00eame si nous redoutons surtout le feu et le vol, la grande majorit\u00e9 des r\u00e9clamations concernent les dommages caus\u00e9s par l\u2019eau. Heureusement, la plupart de ces dommages sont couverts, toutefois, il y a des exclusions&#8230; Retrouvez toutes ces exclusions dans cet article : &#8221; La clause d\u2019exclusion la plus m\u00e9connue du [&hellip;]<\/p>\n","protected":false},"author":445,"featured_media":0,"comment_status":"open","ping_status":"open","sticky":false,"template":"","format":"standard","meta":{"_acf_changed":false,"footnotes":""},"categories":[1],"tags":[],"class_list":["post-683","post","type-post","status-publish","format-standard","hentry","category-non-classe"],"acf":[],"yoast_head":"<!-- This site is optimized with the Yoast SEO plugin v26.7 - https:\/\/yoast.com\/wordpress\/plugins\/seo\/ -->\n<title>La clause d&#039;exclusion la plus m\u00e9connue du contrat d&#039;assurance - \u00c9quipe Labrosse<\/title>\n<meta name=\"robots\" content=\"index, follow, max-snippet:-1, max-image-preview:large, max-video-preview:-1\" \/>\n<link rel=\"canonical\" href=\"https:\/\/equipelabrosse.com\/non-classe\/la-clause-dexclusion-la-plus-meconnue-du-contrat-dassurance\/\" \/>\n<meta property=\"og:locale\" content=\"en_US\" \/>\n<meta property=\"og:type\" content=\"article\" \/>\n<meta property=\"og:title\" content=\"La clause d&#039;exclusion la plus m\u00e9connue du contrat d&#039;assurance - \u00c9quipe Labrosse\" \/>\n<meta property=\"og:description\" content=\"&nbsp; En assurance habitation, m\u00eame si nous redoutons surtout le feu et le vol, la grande majorit\u00e9 des r\u00e9clamations concernent les dommages caus\u00e9s par l\u2019eau. Heureusement, la plupart de ces dommages sont couverts, toutefois, il y a des exclusions&#8230; Retrouvez toutes ces exclusions dans cet article : &#8221; La clause d\u2019exclusion la plus m\u00e9connue du [&hellip;]\" \/>\n<meta property=\"og:url\" content=\"https:\/\/equipelabrosse.com\/non-classe\/la-clause-dexclusion-la-plus-meconnue-du-contrat-dassurance\/\" \/>\n<meta property=\"og:site_name\" content=\"\u00c9quipe Labrosse\" \/>\n<meta property=\"article:publisher\" content=\"https:\/\/www.facebook.com\/equipelabrosse\" \/>\n<meta property=\"article:published_time\" content=\"2015-01-21T16:47:30+00:00\" \/>\n<meta property=\"article:modified_time\" content=\"2015-02-12T20:23:21+00:00\" \/>\n<meta name=\"author\" content=\"Evelyne Labrosse\" \/>\n<meta name=\"twitter:card\" content=\"summary_large_image\" \/>\n<meta name=\"twitter:creator\" content=\"@EquipeLabrosse\" \/>\n<meta name=\"twitter:site\" content=\"@EquipeLabrosse\" \/>\n<meta name=\"twitter:label1\" content=\"Written by\" \/>\n\t<meta name=\"twitter:data1\" content=\"Evelyne Labrosse\" \/>\n\t<meta name=\"twitter:label2\" content=\"Est. reading time\" \/>\n\t<meta name=\"twitter:data2\" content=\"1 minute\" \/>\n<script type=\"application\/ld+json\" class=\"yoast-schema-graph\">{\"@context\":\"https:\/\/schema.org\",\"@graph\":[{\"@type\":\"Article\",\"@id\":\"https:\/\/equipelabrosse.com\/non-classe\/la-clause-dexclusion-la-plus-meconnue-du-contrat-dassurance\/#article\",\"isPartOf\":{\"@id\":\"https:\/\/equipelabrosse.com\/non-classe\/la-clause-dexclusion-la-plus-meconnue-du-contrat-dassurance\/\"},\"author\":{\"name\":\"Evelyne Labrosse\",\"@id\":\"https:\/\/equipelabrosse.com\/#\/schema\/person\/5285987da419f1bd357b37d99ba67f39\"},\"headline\":\"La clause d&#8217;exclusion la plus m\u00e9connue du contrat d&#8217;assurance\",\"datePublished\":\"2015-01-21T16:47:30+00:00\",\"dateModified\":\"2015-02-12T20:23:21+00:00\",\"mainEntityOfPage\":{\"@id\":\"https:\/\/equipelabrosse.com\/non-classe\/la-clause-dexclusion-la-plus-meconnue-du-contrat-dassurance\/\"},\"wordCount\":157,\"commentCount\":0,\"publisher\":{\"@id\":\"https:\/\/equipelabrosse.com\/#organization\"},\"articleSection\":[\"Non class\u00e9\"],\"inLanguage\":\"en-US\",\"potentialAction\":[{\"@type\":\"CommentAction\",\"name\":\"Comment\",\"target\":[\"https:\/\/equipelabrosse.com\/non-classe\/la-clause-dexclusion-la-plus-meconnue-du-contrat-dassurance\/#respond\"]}]},{\"@type\":\"WebPage\",\"@id\":\"https:\/\/equipelabrosse.com\/non-classe\/la-clause-dexclusion-la-plus-meconnue-du-contrat-dassurance\/\",\"url\":\"https:\/\/equipelabrosse.com\/non-classe\/la-clause-dexclusion-la-plus-meconnue-du-contrat-dassurance\/\",\"name\":\"[:fr]La clause d'exclusion la plus m\u00e9connue du contrat d'assurance[:en]La clause d'exclusion la plus m\u00e9connue du contrat d'assurance[:] - \u00c9quipe Labrosse\",\"isPartOf\":{\"@id\":\"https:\/\/equipelabrosse.com\/#website\"},\"datePublished\":\"2015-01-21T16:47:30+00:00\",\"dateModified\":\"2015-02-12T20:23:21+00:00\",\"breadcrumb\":{\"@id\":\"https:\/\/equipelabrosse.com\/non-classe\/la-clause-dexclusion-la-plus-meconnue-du-contrat-dassurance\/#breadcrumb\"},\"inLanguage\":\"en-US\",\"potentialAction\":[{\"@type\":\"ReadAction\",\"target\":[\"https:\/\/equipelabrosse.com\/non-classe\/la-clause-dexclusion-la-plus-meconnue-du-contrat-dassurance\/\"]}]},{\"@type\":\"BreadcrumbList\",\"@id\":\"https:\/\/equipelabrosse.com\/non-classe\/la-clause-dexclusion-la-plus-meconnue-du-contrat-dassurance\/#breadcrumb\",\"itemListElement\":[{\"@type\":\"ListItem\",\"position\":1,\"name\":\"Accueil\",\"item\":\"https:\/\/equipelabrosse.com\/\"},{\"@type\":\"ListItem\",\"position\":2,\"name\":\"La clause d&rsquo;exclusion la plus m\u00e9connue du contrat d&rsquo;assurance\"}]},{\"@type\":\"WebSite\",\"@id\":\"https:\/\/equipelabrosse.com\/#website\",\"url\":\"https:\/\/equipelabrosse.com\/\",\"name\":\"\u00c9quipe Labrosse\",\"description\":\"Courtier Immobilier Montr\u00e9al, Plateau Mont-Royal, Rosemont, Villeray\",\"publisher\":{\"@id\":\"https:\/\/equipelabrosse.com\/#organization\"},\"potentialAction\":[{\"@type\":\"SearchAction\",\"target\":{\"@type\":\"EntryPoint\",\"urlTemplate\":\"https:\/\/equipelabrosse.com\/?s={search_term_string}\"},\"query-input\":{\"@type\":\"PropertyValueSpecification\",\"valueRequired\":true,\"valueName\":\"search_term_string\"}}],\"inLanguage\":\"en-US\"},{\"@type\":\"Organization\",\"@id\":\"https:\/\/equipelabrosse.com\/#organization\",\"name\":\"\u00c9quipe Labrosse Courtiers immobilier\",\"url\":\"https:\/\/equipelabrosse.com\/\",\"logo\":{\"@type\":\"ImageObject\",\"inLanguage\":\"en-US\",\"@id\":\"https:\/\/equipelabrosse.com\/#\/schema\/logo\/image\/\",\"url\":\"https:\/\/equipelabrosse.com\/files\/2022\/10\/EL-Equipe-Labrosse-Logo-Courtiers.png\",\"contentUrl\":\"https:\/\/equipelabrosse.com\/files\/2022\/10\/EL-Equipe-Labrosse-Logo-Courtiers.png\",\"width\":1055,\"height\":357,\"caption\":\"\u00c9quipe Labrosse Courtiers immobilier\"},\"image\":{\"@id\":\"https:\/\/equipelabrosse.com\/#\/schema\/logo\/image\/\"},\"sameAs\":[\"https:\/\/www.facebook.com\/equipelabrosse\",\"https:\/\/x.com\/EquipeLabrosse\",\"https:\/\/www.instagram.com\/equipelabrosse\/?hl=fr\",\"https:\/\/www.linkedin.com\/company\/72288987\/admin\/\"]},{\"@type\":\"Person\",\"@id\":\"https:\/\/equipelabrosse.com\/#\/schema\/person\/5285987da419f1bd357b37d99ba67f39\",\"name\":\"Evelyne Labrosse\",\"image\":{\"@type\":\"ImageObject\",\"inLanguage\":\"en-US\",\"@id\":\"https:\/\/equipelabrosse.com\/#\/schema\/person\/image\/\",\"url\":\"http:\/\/equipelabrosse.com\/files\/2014\/02\/100408_avatar-96x96.jpg\",\"contentUrl\":\"http:\/\/equipelabrosse.com\/files\/2014\/02\/100408_avatar-96x96.jpg\",\"caption\":\"Evelyne Labrosse\"},\"sameAs\":[\"http:\/\/equipelabrosse.com\"],\"url\":\"https:\/\/equipelabrosse.com\/en\/author\/100408\/\"}]}<\/script>\n<!-- \/ Yoast SEO plugin. -->","yoast_head_json":{"title":"La clause d'exclusion la plus m\u00e9connue du contrat d'assurance - \u00c9quipe Labrosse","robots":{"index":"index","follow":"follow","max-snippet":"max-snippet:-1","max-image-preview":"max-image-preview:large","max-video-preview":"max-video-preview:-1"},"canonical":"https:\/\/equipelabrosse.com\/non-classe\/la-clause-dexclusion-la-plus-meconnue-du-contrat-dassurance\/","og_locale":"en_US","og_type":"article","og_title":"La clause d'exclusion la plus m\u00e9connue du contrat d'assurance - \u00c9quipe Labrosse","og_description":"&nbsp; En assurance habitation, m\u00eame si nous redoutons surtout le feu et le vol, la grande majorit\u00e9 des r\u00e9clamations concernent les dommages caus\u00e9s par l\u2019eau. Heureusement, la plupart de ces dommages sont couverts, toutefois, il y a des exclusions&#8230; Retrouvez toutes ces exclusions dans cet article : &#8221; La clause d\u2019exclusion la plus m\u00e9connue du [&hellip;]","og_url":"https:\/\/equipelabrosse.com\/non-classe\/la-clause-dexclusion-la-plus-meconnue-du-contrat-dassurance\/","og_site_name":"\u00c9quipe Labrosse","article_publisher":"https:\/\/www.facebook.com\/equipelabrosse","article_published_time":"2015-01-21T16:47:30+00:00","article_modified_time":"2015-02-12T20:23:21+00:00","author":"Evelyne Labrosse","twitter_card":"summary_large_image","twitter_creator":"@EquipeLabrosse","twitter_site":"@EquipeLabrosse","twitter_misc":{"Written by":"Evelyne Labrosse","Est. reading time":"1 minute"},"schema":{"@context":"https:\/\/schema.org","@graph":[{"@type":"Article","@id":"https:\/\/equipelabrosse.com\/non-classe\/la-clause-dexclusion-la-plus-meconnue-du-contrat-dassurance\/#article","isPartOf":{"@id":"https:\/\/equipelabrosse.com\/non-classe\/la-clause-dexclusion-la-plus-meconnue-du-contrat-dassurance\/"},"author":{"name":"Evelyne Labrosse","@id":"https:\/\/equipelabrosse.com\/#\/schema\/person\/5285987da419f1bd357b37d99ba67f39"},"headline":"La clause d&#8217;exclusion la plus m\u00e9connue du contrat d&#8217;assurance","datePublished":"2015-01-21T16:47:30+00:00","dateModified":"2015-02-12T20:23:21+00:00","mainEntityOfPage":{"@id":"https:\/\/equipelabrosse.com\/non-classe\/la-clause-dexclusion-la-plus-meconnue-du-contrat-dassurance\/"},"wordCount":157,"commentCount":0,"publisher":{"@id":"https:\/\/equipelabrosse.com\/#organization"},"articleSection":["Non class\u00e9"],"inLanguage":"en-US","potentialAction":[{"@type":"CommentAction","name":"Comment","target":["https:\/\/equipelabrosse.com\/non-classe\/la-clause-dexclusion-la-plus-meconnue-du-contrat-dassurance\/#respond"]}]},{"@type":"WebPage","@id":"https:\/\/equipelabrosse.com\/non-classe\/la-clause-dexclusion-la-plus-meconnue-du-contrat-dassurance\/","url":"https:\/\/equipelabrosse.com\/non-classe\/la-clause-dexclusion-la-plus-meconnue-du-contrat-dassurance\/","name":"[:fr]La clause d'exclusion la plus m\u00e9connue du contrat d'assurance[:en]La clause d'exclusion la plus m\u00e9connue du contrat d'assurance[:] - \u00c9quipe Labrosse","isPartOf":{"@id":"https:\/\/equipelabrosse.com\/#website"},"datePublished":"2015-01-21T16:47:30+00:00","dateModified":"2015-02-12T20:23:21+00:00","breadcrumb":{"@id":"https:\/\/equipelabrosse.com\/non-classe\/la-clause-dexclusion-la-plus-meconnue-du-contrat-dassurance\/#breadcrumb"},"inLanguage":"en-US","potentialAction":[{"@type":"ReadAction","target":["https:\/\/equipelabrosse.com\/non-classe\/la-clause-dexclusion-la-plus-meconnue-du-contrat-dassurance\/"]}]},{"@type":"BreadcrumbList","@id":"https:\/\/equipelabrosse.com\/non-classe\/la-clause-dexclusion-la-plus-meconnue-du-contrat-dassurance\/#breadcrumb","itemListElement":[{"@type":"ListItem","position":1,"name":"Accueil","item":"https:\/\/equipelabrosse.com\/"},{"@type":"ListItem","position":2,"name":"La clause d&rsquo;exclusion la plus m\u00e9connue du contrat d&rsquo;assurance"}]},{"@type":"WebSite","@id":"https:\/\/equipelabrosse.com\/#website","url":"https:\/\/equipelabrosse.com\/","name":"\u00c9quipe Labrosse","description":"Courtier Immobilier Montr\u00e9al, Plateau Mont-Royal, Rosemont, Villeray","publisher":{"@id":"https:\/\/equipelabrosse.com\/#organization"},"potentialAction":[{"@type":"SearchAction","target":{"@type":"EntryPoint","urlTemplate":"https:\/\/equipelabrosse.com\/?s={search_term_string}"},"query-input":{"@type":"PropertyValueSpecification","valueRequired":true,"valueName":"search_term_string"}}],"inLanguage":"en-US"},{"@type":"Organization","@id":"https:\/\/equipelabrosse.com\/#organization","name":"\u00c9quipe Labrosse Courtiers immobilier","url":"https:\/\/equipelabrosse.com\/","logo":{"@type":"ImageObject","inLanguage":"en-US","@id":"https:\/\/equipelabrosse.com\/#\/schema\/logo\/image\/","url":"https:\/\/equipelabrosse.com\/files\/2022\/10\/EL-Equipe-Labrosse-Logo-Courtiers.png","contentUrl":"https:\/\/equipelabrosse.com\/files\/2022\/10\/EL-Equipe-Labrosse-Logo-Courtiers.png","width":1055,"height":357,"caption":"\u00c9quipe Labrosse Courtiers immobilier"},"image":{"@id":"https:\/\/equipelabrosse.com\/#\/schema\/logo\/image\/"},"sameAs":["https:\/\/www.facebook.com\/equipelabrosse","https:\/\/x.com\/EquipeLabrosse","https:\/\/www.instagram.com\/equipelabrosse\/?hl=fr","https:\/\/www.linkedin.com\/company\/72288987\/admin\/"]},{"@type":"Person","@id":"https:\/\/equipelabrosse.com\/#\/schema\/person\/5285987da419f1bd357b37d99ba67f39","name":"Evelyne Labrosse","image":{"@type":"ImageObject","inLanguage":"en-US","@id":"https:\/\/equipelabrosse.com\/#\/schema\/person\/image\/","url":"http:\/\/equipelabrosse.com\/files\/2014\/02\/100408_avatar-96x96.jpg","contentUrl":"http:\/\/equipelabrosse.com\/files\/2014\/02\/100408_avatar-96x96.jpg","caption":"Evelyne Labrosse"},"sameAs":["http:\/\/equipelabrosse.com"],"url":"https:\/\/equipelabrosse.com\/en\/author\/100408\/"}]}},"_links":{"self":[{"href":"https:\/\/equipelabrosse.com\/en\/wp-json\/wp\/v2\/posts\/683","targetHints":{"allow":["GET"]}}],"collection":[{"href":"https:\/\/equipelabrosse.com\/en\/wp-json\/wp\/v2\/posts"}],"about":[{"href":"https:\/\/equipelabrosse.com\/en\/wp-json\/wp\/v2\/types\/post"}],"author":[{"embeddable":true,"href":"https:\/\/equipelabrosse.com\/en\/wp-json\/wp\/v2\/users\/445"}],"replies":[{"embeddable":true,"href":"https:\/\/equipelabrosse.com\/en\/wp-json\/wp\/v2\/comments?post=683"}],"version-history":[{"count":0,"href":"https:\/\/equipelabrosse.com\/en\/wp-json\/wp\/v2\/posts\/683\/revisions"}],"wp:attachment":[{"href":"https:\/\/equipelabrosse.com\/en\/wp-json\/wp\/v2\/media?parent=683"}],"wp:term":[{"taxonomy":"category","embeddable":true,"href":"https:\/\/equipelabrosse.com\/en\/wp-json\/wp\/v2\/categories?post=683"},{"taxonomy":"post_tag","embeddable":true,"href":"https:\/\/equipelabrosse.com\/en\/wp-json\/wp\/v2\/tags?post=683"}],"curies":[{"name":"wp","href":"https:\/\/api.w.org\/{rel}","templated":true}]}}