{"id":664,"date":"2015-01-14T14:08:54","date_gmt":"2015-01-14T19:08:54","guid":{"rendered":"http:\/\/equipelabrosse.com\/?p=664"},"modified":"2015-02-12T15:20:20","modified_gmt":"2015-02-12T20:20:20","slug":"un-rebond-innatendu-des-ventes-a-montreal","status":"publish","type":"post","link":"https:\/\/equipelabrosse.com\/en\/non-classe\/un-rebond-innatendu-des-ventes-a-montreal\/","title":{"rendered":"Un rebond innatendu des ventes \u00e0 Montr\u00e9al"},"content":{"rendered":"<p>Le march\u00e9 immobilier dans la r\u00e9gion m\u00e9tropolitaine de Montr\u00e9al a affich\u00e9 en d\u00e9cembre la plus forte hausse mensuelle des ventes r\u00e9sidentielles de ces trois derni\u00e8res ann\u00e9es.<\/p>\n<p>Le prix m\u00e9dian des unifamiliales est demeur\u00e9 stable, \u00e0 284 000 $, tandis que le prix m\u00e9dian des copropri\u00e9t\u00e9s (235 000 $) a progress\u00e9 de 2 % et celui des plex (444 375 $) de 8 % par rapport \u00e0 d\u00e9cembre 2013. On d\u00e9nombre 8 %\u00a0 de propri\u00e9t\u00e9s de plus \u00e0 vendre sur le syst\u00e8me Centris\u00ae des courtiers immobiliers qu&#8217;un an plus t\u00f4t.<\/p>\n<p>Plus tard cette semaine, La CIGM dressera le portrait complet de l&#8217;ann\u00e9e 2014. Nous vous publierons les nouvelles importantes issues de cette conf\u00e9rence.<\/p>\n<p>Source : <a href=\"http:\/\/affaires.lapresse.ca\/economie\/immobilier\/201501\/12\/01-4834404-immobilier-rebond-inattendu-a-montreal.php\" target=\"_blank\">LaPresse.ca article &#8221; Immobilier: un rebond innatendu \u00e0 Mont\u00e9al &#8220;<\/a><\/p>","protected":false},"excerpt":{"rendered":"<p>Le march\u00e9 immobilier dans la r\u00e9gion m\u00e9tropolitaine de Montr\u00e9al a affich\u00e9 en d\u00e9cembre la plus forte hausse mensuelle des ventes r\u00e9sidentielles de ces trois derni\u00e8res ann\u00e9es. Le prix m\u00e9dian des unifamiliales est demeur\u00e9 stable, \u00e0 284 000 $, tandis que le prix m\u00e9dian des copropri\u00e9t\u00e9s (235 000 $) a progress\u00e9 de 2 % et celui [&hellip;]<\/p>\n","protected":false},"author":445,"featured_media":0,"comment_status":"open","ping_status":"open","sticky":false,"template":"","format":"standard","meta":{"_acf_changed":false,"footnotes":""},"categories":[1],"tags":[10,11,12,9],"class_list":["post-664","post","type-post","status-publish","format-standard","hentry","category-non-classe","tag-hausse","tag-hausse-des-ventes","tag-hausse-immobilier","tag-rebond-immobilier"],"acf":[],"yoast_head":"<!-- This site is optimized with the Yoast SEO plugin v26.7 - https:\/\/yoast.com\/wordpress\/plugins\/seo\/ -->\n<title>Un rebond innatendu des ventes \u00e0 Montr\u00e9al  - \u00c9quipe Labrosse<\/title>\n<meta name=\"robots\" content=\"index, follow, max-snippet:-1, max-image-preview:large, max-video-preview:-1\" \/>\n<link rel=\"canonical\" href=\"https:\/\/equipelabrosse.com\/non-classe\/un-rebond-innatendu-des-ventes-a-montreal\/\" \/>\n<meta property=\"og:locale\" content=\"en_US\" \/>\n<meta property=\"og:type\" content=\"article\" \/>\n<meta property=\"og:title\" content=\"Un rebond innatendu des ventes \u00e0 Montr\u00e9al  - \u00c9quipe Labrosse\" \/>\n<meta property=\"og:description\" content=\"Le march\u00e9 immobilier dans la r\u00e9gion m\u00e9tropolitaine de Montr\u00e9al a affich\u00e9 en d\u00e9cembre la plus forte hausse mensuelle des ventes r\u00e9sidentielles de ces trois derni\u00e8res ann\u00e9es. Le prix m\u00e9dian des unifamiliales est demeur\u00e9 stable, \u00e0 284 000 $, tandis que le prix m\u00e9dian des copropri\u00e9t\u00e9s (235 000 $) a progress\u00e9 de 2 % et celui [&hellip;]\" \/>\n<meta property=\"og:url\" content=\"https:\/\/equipelabrosse.com\/non-classe\/un-rebond-innatendu-des-ventes-a-montreal\/\" \/>\n<meta property=\"og:site_name\" content=\"\u00c9quipe Labrosse\" \/>\n<meta property=\"article:publisher\" content=\"https:\/\/www.facebook.com\/equipelabrosse\" \/>\n<meta property=\"article:published_time\" content=\"2015-01-14T19:08:54+00:00\" \/>\n<meta property=\"article:modified_time\" content=\"2015-02-12T20:20:20+00:00\" \/>\n<meta name=\"author\" content=\"Evelyne Labrosse\" \/>\n<meta name=\"twitter:card\" content=\"summary_large_image\" \/>\n<meta name=\"twitter:creator\" content=\"@EquipeLabrosse\" \/>\n<meta name=\"twitter:site\" content=\"@EquipeLabrosse\" \/>\n<meta name=\"twitter:label1\" content=\"Written by\" \/>\n\t<meta name=\"twitter:data1\" content=\"Evelyne Labrosse\" \/>\n\t<meta name=\"twitter:label2\" content=\"Est. reading time\" \/>\n\t<meta name=\"twitter:data2\" content=\"1 minute\" \/>\n<script type=\"application\/ld+json\" class=\"yoast-schema-graph\">{\"@context\":\"https:\/\/schema.org\",\"@graph\":[{\"@type\":\"Article\",\"@id\":\"https:\/\/equipelabrosse.com\/non-classe\/un-rebond-innatendu-des-ventes-a-montreal\/#article\",\"isPartOf\":{\"@id\":\"https:\/\/equipelabrosse.com\/non-classe\/un-rebond-innatendu-des-ventes-a-montreal\/\"},\"author\":{\"name\":\"Evelyne Labrosse\",\"@id\":\"https:\/\/equipelabrosse.com\/#\/schema\/person\/5285987da419f1bd357b37d99ba67f39\"},\"headline\":\"Un rebond innatendu des ventes \u00e0 Montr\u00e9al\",\"datePublished\":\"2015-01-14T19:08:54+00:00\",\"dateModified\":\"2015-02-12T20:20:20+00:00\",\"mainEntityOfPage\":{\"@id\":\"https:\/\/equipelabrosse.com\/non-classe\/un-rebond-innatendu-des-ventes-a-montreal\/\"},\"wordCount\":264,\"commentCount\":0,\"publisher\":{\"@id\":\"https:\/\/equipelabrosse.com\/#organization\"},\"keywords\":[\"hausse\",\"hausse des ventes\",\"hausse immobilier\",\"rebond immobilier\"],\"articleSection\":[\"Non class\u00e9\"],\"inLanguage\":\"en-US\",\"potentialAction\":[{\"@type\":\"CommentAction\",\"name\":\"Comment\",\"target\":[\"https:\/\/equipelabrosse.com\/non-classe\/un-rebond-innatendu-des-ventes-a-montreal\/#respond\"]}]},{\"@type\":\"WebPage\",\"@id\":\"https:\/\/equipelabrosse.com\/non-classe\/un-rebond-innatendu-des-ventes-a-montreal\/\",\"url\":\"https:\/\/equipelabrosse.com\/non-classe\/un-rebond-innatendu-des-ventes-a-montreal\/\",\"name\":\"[:fr]Un rebond innatendu des ventes \u00e0 Montr\u00e9al [:en]Un rebond innatendu des ventes \u00e0 Montr\u00e9al [:] - \u00c9quipe Labrosse\",\"isPartOf\":{\"@id\":\"https:\/\/equipelabrosse.com\/#website\"},\"datePublished\":\"2015-01-14T19:08:54+00:00\",\"dateModified\":\"2015-02-12T20:20:20+00:00\",\"breadcrumb\":{\"@id\":\"https:\/\/equipelabrosse.com\/non-classe\/un-rebond-innatendu-des-ventes-a-montreal\/#breadcrumb\"},\"inLanguage\":\"en-US\",\"potentialAction\":[{\"@type\":\"ReadAction\",\"target\":[\"https:\/\/equipelabrosse.com\/non-classe\/un-rebond-innatendu-des-ventes-a-montreal\/\"]}]},{\"@type\":\"BreadcrumbList\",\"@id\":\"https:\/\/equipelabrosse.com\/non-classe\/un-rebond-innatendu-des-ventes-a-montreal\/#breadcrumb\",\"itemListElement\":[{\"@type\":\"ListItem\",\"position\":1,\"name\":\"Accueil\",\"item\":\"https:\/\/equipelabrosse.com\/\"},{\"@type\":\"ListItem\",\"position\":2,\"name\":\"Un rebond innatendu des ventes \u00e0 Montr\u00e9al\"}]},{\"@type\":\"WebSite\",\"@id\":\"https:\/\/equipelabrosse.com\/#website\",\"url\":\"https:\/\/equipelabrosse.com\/\",\"name\":\"\u00c9quipe Labrosse\",\"description\":\"Courtier Immobilier Montr\u00e9al, Plateau Mont-Royal, Rosemont, Villeray\",\"publisher\":{\"@id\":\"https:\/\/equipelabrosse.com\/#organization\"},\"potentialAction\":[{\"@type\":\"SearchAction\",\"target\":{\"@type\":\"EntryPoint\",\"urlTemplate\":\"https:\/\/equipelabrosse.com\/?s={search_term_string}\"},\"query-input\":{\"@type\":\"PropertyValueSpecification\",\"valueRequired\":true,\"valueName\":\"search_term_string\"}}],\"inLanguage\":\"en-US\"},{\"@type\":\"Organization\",\"@id\":\"https:\/\/equipelabrosse.com\/#organization\",\"name\":\"\u00c9quipe Labrosse Courtiers immobilier\",\"url\":\"https:\/\/equipelabrosse.com\/\",\"logo\":{\"@type\":\"ImageObject\",\"inLanguage\":\"en-US\",\"@id\":\"https:\/\/equipelabrosse.com\/#\/schema\/logo\/image\/\",\"url\":\"https:\/\/equipelabrosse.com\/files\/2022\/10\/EL-Equipe-Labrosse-Logo-Courtiers.png\",\"contentUrl\":\"https:\/\/equipelabrosse.com\/files\/2022\/10\/EL-Equipe-Labrosse-Logo-Courtiers.png\",\"width\":1055,\"height\":357,\"caption\":\"\u00c9quipe Labrosse Courtiers immobilier\"},\"image\":{\"@id\":\"https:\/\/equipelabrosse.com\/#\/schema\/logo\/image\/\"},\"sameAs\":[\"https:\/\/www.facebook.com\/equipelabrosse\",\"https:\/\/x.com\/EquipeLabrosse\",\"https:\/\/www.instagram.com\/equipelabrosse\/?hl=fr\",\"https:\/\/www.linkedin.com\/company\/72288987\/admin\/\"]},{\"@type\":\"Person\",\"@id\":\"https:\/\/equipelabrosse.com\/#\/schema\/person\/5285987da419f1bd357b37d99ba67f39\",\"name\":\"Evelyne Labrosse\",\"image\":{\"@type\":\"ImageObject\",\"inLanguage\":\"en-US\",\"@id\":\"https:\/\/equipelabrosse.com\/#\/schema\/person\/image\/\",\"url\":\"http:\/\/equipelabrosse.com\/files\/2014\/02\/100408_avatar-96x96.jpg\",\"contentUrl\":\"http:\/\/equipelabrosse.com\/files\/2014\/02\/100408_avatar-96x96.jpg\",\"caption\":\"Evelyne Labrosse\"},\"sameAs\":[\"http:\/\/equipelabrosse.com\"],\"url\":\"https:\/\/equipelabrosse.com\/en\/author\/100408\/\"}]}<\/script>\n<!-- \/ Yoast SEO plugin. -->","yoast_head_json":{"title":"Un rebond innatendu des ventes \u00e0 Montr\u00e9al  - \u00c9quipe Labrosse","robots":{"index":"index","follow":"follow","max-snippet":"max-snippet:-1","max-image-preview":"max-image-preview:large","max-video-preview":"max-video-preview:-1"},"canonical":"https:\/\/equipelabrosse.com\/non-classe\/un-rebond-innatendu-des-ventes-a-montreal\/","og_locale":"en_US","og_type":"article","og_title":"Un rebond innatendu des ventes \u00e0 Montr\u00e9al  - \u00c9quipe Labrosse","og_description":"Le march\u00e9 immobilier dans la r\u00e9gion m\u00e9tropolitaine de Montr\u00e9al a affich\u00e9 en d\u00e9cembre la plus forte hausse mensuelle des ventes r\u00e9sidentielles de ces trois derni\u00e8res ann\u00e9es. Le prix m\u00e9dian des unifamiliales est demeur\u00e9 stable, \u00e0 284 000 $, tandis que le prix m\u00e9dian des copropri\u00e9t\u00e9s (235 000 $) a progress\u00e9 de 2 % et celui [&hellip;]","og_url":"https:\/\/equipelabrosse.com\/non-classe\/un-rebond-innatendu-des-ventes-a-montreal\/","og_site_name":"\u00c9quipe Labrosse","article_publisher":"https:\/\/www.facebook.com\/equipelabrosse","article_published_time":"2015-01-14T19:08:54+00:00","article_modified_time":"2015-02-12T20:20:20+00:00","author":"Evelyne Labrosse","twitter_card":"summary_large_image","twitter_creator":"@EquipeLabrosse","twitter_site":"@EquipeLabrosse","twitter_misc":{"Written by":"Evelyne Labrosse","Est. reading time":"1 minute"},"schema":{"@context":"https:\/\/schema.org","@graph":[{"@type":"Article","@id":"https:\/\/equipelabrosse.com\/non-classe\/un-rebond-innatendu-des-ventes-a-montreal\/#article","isPartOf":{"@id":"https:\/\/equipelabrosse.com\/non-classe\/un-rebond-innatendu-des-ventes-a-montreal\/"},"author":{"name":"Evelyne Labrosse","@id":"https:\/\/equipelabrosse.com\/#\/schema\/person\/5285987da419f1bd357b37d99ba67f39"},"headline":"Un rebond innatendu des ventes \u00e0 Montr\u00e9al","datePublished":"2015-01-14T19:08:54+00:00","dateModified":"2015-02-12T20:20:20+00:00","mainEntityOfPage":{"@id":"https:\/\/equipelabrosse.com\/non-classe\/un-rebond-innatendu-des-ventes-a-montreal\/"},"wordCount":264,"commentCount":0,"publisher":{"@id":"https:\/\/equipelabrosse.com\/#organization"},"keywords":["hausse","hausse des ventes","hausse immobilier","rebond immobilier"],"articleSection":["Non class\u00e9"],"inLanguage":"en-US","potentialAction":[{"@type":"CommentAction","name":"Comment","target":["https:\/\/equipelabrosse.com\/non-classe\/un-rebond-innatendu-des-ventes-a-montreal\/#respond"]}]},{"@type":"WebPage","@id":"https:\/\/equipelabrosse.com\/non-classe\/un-rebond-innatendu-des-ventes-a-montreal\/","url":"https:\/\/equipelabrosse.com\/non-classe\/un-rebond-innatendu-des-ventes-a-montreal\/","name":"[:fr]Un rebond innatendu des ventes \u00e0 Montr\u00e9al [:en]Un rebond innatendu des ventes \u00e0 Montr\u00e9al [:] - \u00c9quipe Labrosse","isPartOf":{"@id":"https:\/\/equipelabrosse.com\/#website"},"datePublished":"2015-01-14T19:08:54+00:00","dateModified":"2015-02-12T20:20:20+00:00","breadcrumb":{"@id":"https:\/\/equipelabrosse.com\/non-classe\/un-rebond-innatendu-des-ventes-a-montreal\/#breadcrumb"},"inLanguage":"en-US","potentialAction":[{"@type":"ReadAction","target":["https:\/\/equipelabrosse.com\/non-classe\/un-rebond-innatendu-des-ventes-a-montreal\/"]}]},{"@type":"BreadcrumbList","@id":"https:\/\/equipelabrosse.com\/non-classe\/un-rebond-innatendu-des-ventes-a-montreal\/#breadcrumb","itemListElement":[{"@type":"ListItem","position":1,"name":"Accueil","item":"https:\/\/equipelabrosse.com\/"},{"@type":"ListItem","position":2,"name":"Un rebond innatendu des ventes \u00e0 Montr\u00e9al"}]},{"@type":"WebSite","@id":"https:\/\/equipelabrosse.com\/#website","url":"https:\/\/equipelabrosse.com\/","name":"\u00c9quipe Labrosse","description":"Courtier Immobilier Montr\u00e9al, Plateau Mont-Royal, Rosemont, Villeray","publisher":{"@id":"https:\/\/equipelabrosse.com\/#organization"},"potentialAction":[{"@type":"SearchAction","target":{"@type":"EntryPoint","urlTemplate":"https:\/\/equipelabrosse.com\/?s={search_term_string}"},"query-input":{"@type":"PropertyValueSpecification","valueRequired":true,"valueName":"search_term_string"}}],"inLanguage":"en-US"},{"@type":"Organization","@id":"https:\/\/equipelabrosse.com\/#organization","name":"\u00c9quipe Labrosse Courtiers immobilier","url":"https:\/\/equipelabrosse.com\/","logo":{"@type":"ImageObject","inLanguage":"en-US","@id":"https:\/\/equipelabrosse.com\/#\/schema\/logo\/image\/","url":"https:\/\/equipelabrosse.com\/files\/2022\/10\/EL-Equipe-Labrosse-Logo-Courtiers.png","contentUrl":"https:\/\/equipelabrosse.com\/files\/2022\/10\/EL-Equipe-Labrosse-Logo-Courtiers.png","width":1055,"height":357,"caption":"\u00c9quipe Labrosse Courtiers immobilier"},"image":{"@id":"https:\/\/equipelabrosse.com\/#\/schema\/logo\/image\/"},"sameAs":["https:\/\/www.facebook.com\/equipelabrosse","https:\/\/x.com\/EquipeLabrosse","https:\/\/www.instagram.com\/equipelabrosse\/?hl=fr","https:\/\/www.linkedin.com\/company\/72288987\/admin\/"]},{"@type":"Person","@id":"https:\/\/equipelabrosse.com\/#\/schema\/person\/5285987da419f1bd357b37d99ba67f39","name":"Evelyne Labrosse","image":{"@type":"ImageObject","inLanguage":"en-US","@id":"https:\/\/equipelabrosse.com\/#\/schema\/person\/image\/","url":"http:\/\/equipelabrosse.com\/files\/2014\/02\/100408_avatar-96x96.jpg","contentUrl":"http:\/\/equipelabrosse.com\/files\/2014\/02\/100408_avatar-96x96.jpg","caption":"Evelyne Labrosse"},"sameAs":["http:\/\/equipelabrosse.com"],"url":"https:\/\/equipelabrosse.com\/en\/author\/100408\/"}]}},"_links":{"self":[{"href":"https:\/\/equipelabrosse.com\/en\/wp-json\/wp\/v2\/posts\/664","targetHints":{"allow":["GET"]}}],"collection":[{"href":"https:\/\/equipelabrosse.com\/en\/wp-json\/wp\/v2\/posts"}],"about":[{"href":"https:\/\/equipelabrosse.com\/en\/wp-json\/wp\/v2\/types\/post"}],"author":[{"embeddable":true,"href":"https:\/\/equipelabrosse.com\/en\/wp-json\/wp\/v2\/users\/445"}],"replies":[{"embeddable":true,"href":"https:\/\/equipelabrosse.com\/en\/wp-json\/wp\/v2\/comments?post=664"}],"version-history":[{"count":0,"href":"https:\/\/equipelabrosse.com\/en\/wp-json\/wp\/v2\/posts\/664\/revisions"}],"wp:attachment":[{"href":"https:\/\/equipelabrosse.com\/en\/wp-json\/wp\/v2\/media?parent=664"}],"wp:term":[{"taxonomy":"category","embeddable":true,"href":"https:\/\/equipelabrosse.com\/en\/wp-json\/wp\/v2\/categories?post=664"},{"taxonomy":"post_tag","embeddable":true,"href":"https:\/\/equipelabrosse.com\/en\/wp-json\/wp\/v2\/tags?post=664"}],"curies":[{"name":"wp","href":"https:\/\/api.w.org\/{rel}","templated":true}]}}